{"id":1962,"global_id":"www.omasgegenrechts-dresden.de?id=1962","global_id_lineage":["www.omasgegenrechts-dresden.de?id=1962"],"author":"1","status":"publish","date":"2024-10-27 20:45:41","date_utc":"2024-10-27 19:45:41","modified":"2024-10-31 20:04:29","modified_utc":"2024-10-31 19:04:29","url":"https:\/\/www.omasgegenrechts-dresden.de\/index.php\/termine\/nie-wieder-faschismus-demokratie-verteidigen\/","rest_url":"https:\/\/www.omasgegenrechts-dresden.de\/index.php\/wp-json\/tribe\/events\/v1\/events\/1962","title":"Nie wieder Faschismus &#8211; Demokratie verteidigen!","description":"<p>Anl\u00e4sslich des 86. Jahrestages der Reichspogromnacht und aktueller, unsere Besorgnis erregender Entwicklungen rufen die OMAS GEGEN RECHTS.DRESDEN gemeinsam mit <a href=\"https:\/\/www.facebook.com\/HerzStattHetze\" target=\"_blank\" rel=\"noopener\">Herz statt Hetze<\/a>, <a href=\"https:\/\/www.facebook.com\/hopedresden\/\" target=\"_blank\" rel=\"noopener\">HOPE<\/a>, <a href=\"https:\/\/www.facebook.com\/dresden.stellt.sich.quer\" target=\"_blank\" rel=\"noopener\">Dresden WiEdersetzen<\/a>, <a href=\"https:\/\/fffdd.de\/\" target=\"_blank\" rel=\"noopener\">Fridays for Future Dresden<\/a>, <a href=\"https:\/\/hopidd.de\/\" target=\"_blank\" rel=\"noopener\">Junge Pirat:innen Dresden<\/a>, <a href=\"https:\/\/www.linksjugend-dresden.de\/\" target=\"_blank\" rel=\"noopener\">Linksjugend Dresden<\/a>, <a href=\"https:\/\/dresden.gj-sachsen.de\/\" target=\"_blank\" rel=\"noopener\">Gr\u00fcne Jugend Dresden<\/a> und <a href=\"https:\/\/dresden.jusos.info\/\" target=\"_blank\" rel=\"noopener\">Jusos Dresden<\/a> zu einer Kundgebung unter dem Motto &#8220;Nie wieder Faschismus \u2013 Demokratie verteidigen!&#8221; auf:<\/p>\n<h2>Unsere Demokratie wankt und wir wollen nicht l\u00e4nger dabei zuschauen!<\/h2>\n<p>Die Demokratie in Deutschland, Europa und weltweit steht vor gro\u00dfen Herausforderungen. Das Vertrauen in Institutionen und Prozesse schwindet, die Erwartungen vieler B\u00fcrgerinnen und B\u00fcrger an Beteiligung und Gerechtigkeit werden nicht erf\u00fcllt. Das Gef\u00fchl, in politischen Diskursen und Prozessen nicht ausreichend repr\u00e4sentiert zu sein, f\u00fchrt zu einem Vertrauensverlust.<\/p>\n<p>Wir stehen hier, weil wir gemeinsam die Demokratie erhalten und st\u00e4rken wollen.<\/p>\n<p style=\"text-align: center;\"><em><strong>&#8220;Demokratie ist Regierung des Volkes, durch das Volk und f\u00fcr das Volk.&#8221;<\/strong><\/em><\/p>\n<p style=\"text-align: right;\"><em><strong>\u00a0<\/strong><strong>Abraham Lincoln (<\/strong>Ehem. Amerikanischer Pr\u00e4sident)<\/em><\/p>\n<p>Gemeinsam wollen wir daf\u00fcr einstehen, unseren Planeten und seine empfindlichen \u00d6kosysteme f\u00fcr unsere Kinder und Enkelkinder zu erhalten. Wir sind deshalb f\u00fcr eine zukunftsweisende, nachhaltige, \u00f6kologische Wirtschaft, in der Ethik einen h\u00f6heren Stellenwert hat als Profitgier und reines Wohlstandsstreben.<\/p>\n<p>Gro\u00dfe Sorge bereitet uns, dass innerhalb k\u00fcrzester Zeit die Themen der AfD von den demokratischen Parteien \u00fcbernommen wurden. Obwohl die AfD bisher nicht regiert, hat sie die Deutungsmacht dar\u00fcber, welche Themen in Deutschland als wichtig angesehen werden: Migration und Abschiebung.<\/p>\n<p>Fast alle Parteien wollen sich in ihren Forderungen nach Versch\u00e4rfung des Asylrechts \u00fcberbieten, wohl wissend, dass viele Forderungen gegen das Asylrecht und die Menschenrechte versto\u00dfen.<\/p>\n<p style=\"text-align: center;\"><em><strong>&#8220;Der Einsatz f\u00fcr Recht und Menschenw\u00fcrde ist in einer Diktatur Widerstand \u2013 in einer freiheitlichen Demokratie dagegen eine von der Verfassung gebotene Pflicht.&#8221;<\/strong><\/em><\/p>\n<p style=\"text-align: right;\"><em><strong>Helmut Schmidt (<\/strong>Ehem. Deutscher Bundeskanzler)<\/em><\/p>\n<p>Wir sind hier, weil <strong>WIR ALLE <\/strong>Verantwortung daf\u00fcr tragen, das Beste aus unserem Land und aus uns selbst zu machen.<\/p>\n<p>Teilt gerne unseren Aufruf (<a href=\"https:\/\/www.omasgegenrechts-dresden.de\/wp-content\/uploads\/2024\/10\/Aufruf-OGRDD.pdf\" target=\"_blank\" rel=\"noopener\">hier als PDF<\/a>) &#8211; und nat\u00fcrlich: Kommt zahlreich! \ud83d\ude42\ud83d\udcaa<\/p>\n<p>\ud83d\udc49 9. November, 14:30 Uhr<br \/>\n\ud83d\udc49 Dresden, Schlossplatz<\/p>","excerpt":"","slug":"nie-wieder-faschismus-demokratie-verteidigen","image":{"url":"https:\/\/www.omasgegenrechts-dresden.de\/wp-content\/uploads\/2024\/10\/Sharepic-9.11.-quer.jpg","id":1974,"extension":"jpg","width":1920,"height":1080,"filesize":281010,"sizes":{"medium":{"width":300,"height":169,"mime-type":"image\/jpeg","filesize":16341,"url":"https:\/\/www.omasgegenrechts-dresden.de\/wp-content\/uploads\/2024\/10\/Sharepic-9.11.-quer-300x169.jpg"},"large":{"width":1024,"height":576,"mime-type":"image\/jpeg","filesize":106882,"url":"https:\/\/www.omasgegenrechts-dresden.de\/wp-content\/uploads\/2024\/10\/Sharepic-9.11.-quer-1024x576.jpg"},"thumbnail":{"width":150,"height":150,"mime-type":"image\/jpeg","filesize":8532,"url":"https:\/\/www.omasgegenrechts-dresden.de\/wp-content\/uploads\/2024\/10\/Sharepic-9.11.-quer-150x150.jpg"},"medium_large":{"width":768,"height":432,"mime-type":"image\/jpeg","filesize":69692,"url":"https:\/\/www.omasgegenrechts-dresden.de\/wp-content\/uploads\/2024\/10\/Sharepic-9.11.-quer-768x432.jpg"},"1536x1536":{"width":1536,"height":864,"mime-type":"image\/jpeg","filesize":194952,"url":"https:\/\/www.omasgegenrechts-dresden.de\/wp-content\/uploads\/2024\/10\/Sharepic-9.11.-quer-1536x864.jpg"},"post-thumbnail":{"width":850,"height":550,"mime-type":"image\/jpeg","filesize":83228,"url":"https:\/\/www.omasgegenrechts-dresden.de\/wp-content\/uploads\/2024\/10\/Sharepic-9.11.-quer-850x550.jpg"},"maxwell-slider-image":{"width":850,"height":500,"mime-type":"image\/jpeg","filesize":83925,"url":"https:\/\/www.omasgegenrechts-dresden.de\/wp-content\/uploads\/2024\/10\/Sharepic-9.11.-quer-850x500.jpg"},"maxwell-thumbnail-small":{"width":120,"height":80,"mime-type":"image\/jpeg","filesize":3811,"url":"https:\/\/www.omasgegenrechts-dresden.de\/wp-content\/uploads\/2024\/10\/Sharepic-9.11.-quer-120x80.jpg"},"maxwell-thumbnail-medium":{"width":360,"height":230,"mime-type":"image\/jpeg","filesize":22204,"url":"https:\/\/www.omasgegenrechts-dresden.de\/wp-content\/uploads\/2024\/10\/Sharepic-9.11.-quer-360x230.jpg"},"maxwell-thumbnail-large":{"width":600,"height":380,"mime-type":"image\/jpeg","filesize":49084,"url":"https:\/\/www.omasgegenrechts-dresden.de\/wp-content\/uploads\/2024\/10\/Sharepic-9.11.-quer-600x380.jpg"},"cmplz_banner_image":{"width":350,"height":100,"mime-type":"image\/jpeg","filesize":11035,"url":"https:\/\/www.omasgegenrechts-dresden.de\/wp-content\/uploads\/2024\/10\/Sharepic-9.11.-quer-350x100.jpg"}}},"all_day":false,"start_date":"2024-11-09 14:30:00","start_date_details":{"year":"2024","month":"11","day":"09","hour":"14","minutes":"30","seconds":"00"},"end_date":"2024-11-09 16:30:00","end_date_details":{"year":"2024","month":"11","day":"09","hour":"16","minutes":"30","seconds":"00"},"utc_start_date":"2024-11-09 13:30:00","utc_start_date_details":{"year":"2024","month":"11","day":"09","hour":"13","minutes":"30","seconds":"00"},"utc_end_date":"2024-11-09 15:30:00","utc_end_date_details":{"year":"2024","month":"11","day":"09","hour":"15","minutes":"30","seconds":"00"},"timezone":"Europe\/Berlin","timezone_abbr":"CET","cost":"","cost_details":{"currency_symbol":"","currency_code":"","currency_position":"prefix","values":[]},"website":"","show_map":true,"show_map_link":true,"hide_from_listings":false,"sticky":false,"featured":false,"categories":[{"name":"Demo","slug":"demo","term_group":0,"term_taxonomy_id":16,"taxonomy":"tribe_events_cat","description":"","parent":0,"count":24,"filter":"raw","id":16,"urls":{"self":"https:\/\/www.omasgegenrechts-dresden.de\/index.php\/wp-json\/tribe\/events\/v1\/categories\/16","collection":"https:\/\/www.omasgegenrechts-dresden.de\/index.php\/wp-json\/tribe\/events\/v1\/categories"}},{"name":"Kundgebung","slug":"kundgebung","term_group":0,"term_taxonomy_id":17,"taxonomy":"tribe_events_cat","description":"","parent":0,"count":28,"filter":"raw","id":17,"urls":{"self":"https:\/\/www.omasgegenrechts-dresden.de\/index.php\/wp-json\/tribe\/events\/v1\/categories\/17","collection":"https:\/\/www.omasgegenrechts-dresden.de\/index.php\/wp-json\/tribe\/events\/v1\/categories"}}],"tags":[],"venue":{"id":995,"author":"4","status":"publish","date":"2023-12-08 19:47:20","date_utc":"0000-00-00 00:00:00","modified":"2023-12-08 19:47:20","modified_utc":"0000-00-00 00:00:00","url":"https:\/\/www.omasgegenrechts-dresden.de\/index.php\/veranstaltungsort\/dresden-schlossplatz\/","venue":"Dresden, Schlossplatz","slug":"dresden-schlossplatz","address":"Schlo\u00dfplatz","city":"Dresden","json_ld":{"@type":"Place","name":"Dresden, Schlossplatz","description":"","url":"","address":{"@type":"PostalAddress","streetAddress":"Schlo\u00dfplatz","addressLocality":"Dresden"},"telephone":"","sameAs":""},"show_map":true,"show_map_link":true,"global_id":"www.omasgegenrechts-dresden.de?id=995","global_id_lineage":["www.omasgegenrechts-dresden.de?id=995"]},"organizer":[],"json_ld":{"@context":"http:\/\/schema.org","@type":"Event","name":"Nie wieder Faschismus &#8211; Demokratie verteidigen!","description":"&lt;p&gt;Anl\u00e4sslich des 86. Jahrestages der Reichspogromnacht und aktueller, unsere Besorgnis erregender Entwicklungen rufen die OMAS GEGEN RECHTS.DRESDEN gemeinsam mit Herz statt Hetze, HOPE, Dresden WiEdersetzen, Fridays for Future Dresden, Junge Pirat:innen Dresden, Linksjugend Dresden, Gr\u00fcne Jugend Dresden und Jusos Dresden zu einer Kundgebung unter dem Motto &quot;Nie wieder Faschismus \u2013 Demokratie verteidigen!&quot; auf: Unsere Demokratie wankt und wir wollen nicht&lt;\/p&gt;\\n","image":"https:\/\/www.omasgegenrechts-dresden.de\/wp-content\/uploads\/2024\/10\/Sharepic-9.11.-quer.jpg","url":"https:\/\/www.omasgegenrechts-dresden.de\/index.php\/termine\/nie-wieder-faschismus-demokratie-verteidigen\/","eventAttendanceMode":"https:\/\/schema.org\/OfflineEventAttendanceMode","eventStatus":"https:\/\/schema.org\/EventScheduled","startDate":"2024-11-09T14:30:00+01:00","endDate":"2024-11-09T16:30:00+01:00","location":{"@type":"Place","name":"Dresden, Schlossplatz","description":"","url":"","address":{"@type":"PostalAddress","streetAddress":"Schlo\u00dfplatz","addressLocality":"Dresden"},"telephone":"","sameAs":""},"performer":"Organization"}}