{"id":1228,"date":"2024-02-03T22:18:00","date_gmt":"2024-02-03T21:18:00","guid":{"rendered":"https:\/\/www.omasgegenrechts-dresden.de\/?p=1228"},"modified":"2024-02-04T15:15:23","modified_gmt":"2024-02-04T14:15:23","slug":"omas-gegen-rechts-sind-ein-teil-der-brandmauer-gegen-rechts","status":"publish","type":"post","link":"https:\/\/www.omasgegenrechts-dresden.de\/index.php\/2024\/02\/03\/omas-gegen-rechts-sind-ein-teil-der-brandmauer-gegen-rechts\/","title":{"rendered":"OMAS GEGEN RECHTS sind ein Teil der Brandmauer gegen Rechts"},"content":{"rendered":"\n<p>Heute war es so weit: der <a href=\"https:\/\/www.omasgegenrechts-dresden.de\/index.php\/termine\/grosser-aktionstag-in-dresden-brandmauer-gegen-rechts\/\" target=\"_blank\" rel=\"noopener\" title=\"\">Gro\u00dfe Aktionstag in Dresden: Brandmauer gegen Rechts<\/a> ging buchst\u00e4blich \u00fcber die B\u00fchne &#8211; n\u00e4mlich \u00fcber die auf dem Theaterplatz. <\/p>\n\n\n\n<!--more-->\n\n\n\n<p>Es gab jede Menge Beitr\u00e4ge, sowohl musikalische wie die von Revolverheld, dem Dresdner Elektro Duo &#8220;\u00c4tna&#8221; und nat\u00fcrlich unseren Lokalmatadoren &#8220;Banda Comunale&#8221; als auch viele sinnstiftende Redebeitr\u00e4ge. Dar\u00fcber g\u00e4be es unheimlich viel zu berichten, aber da das in der Presse bereits ausf\u00fchrlich geschehen ist, beschr\u00e4nke ich mich hier auf den Verweis zum Live-Ticker des mdr: <a href=\"https:\/\/www.mdr.de\/nachrichten\/sachsen\/ticker-demo-demokratie-rechtsextremismus-afd-dresden-102.html\" target=\"_blank\" rel=\"noopener\" title=\"\">30.000 Menschen bei Brandmauer-Demonstration in Dresden<\/a>.<\/p>\n\n\n\n<div class=\"wp-block-media-text is-stacked-on-mobile\" style=\"grid-template-columns:46% auto\"><figure class=\"wp-block-media-text__media\"><img loading=\"lazy\" decoding=\"async\" width=\"1024\" height=\"577\" src=\"https:\/\/www.omasgegenrechts-dresden.de\/wp-content\/uploads\/2024\/02\/2024-02-03-13.30.17-1024x577.jpg\" alt=\"OMAS GEGEN RECHTS mit mehreren Plakaten bei der Gro\u00dfkundgebung &quot;Brandmauer gegen Rechts&quot; auf dem Theaterplatz in Dresden\" class=\"wp-image-1232 size-full\" srcset=\"https:\/\/www.omasgegenrechts-dresden.de\/wp-content\/uploads\/2024\/02\/2024-02-03-13.30.17-1024x577.jpg 1024w, https:\/\/www.omasgegenrechts-dresden.de\/wp-content\/uploads\/2024\/02\/2024-02-03-13.30.17-300x169.jpg 300w, https:\/\/www.omasgegenrechts-dresden.de\/wp-content\/uploads\/2024\/02\/2024-02-03-13.30.17-768x432.jpg 768w, https:\/\/www.omasgegenrechts-dresden.de\/wp-content\/uploads\/2024\/02\/2024-02-03-13.30.17-1536x865.jpg 1536w, https:\/\/www.omasgegenrechts-dresden.de\/wp-content\/uploads\/2024\/02\/2024-02-03-13.30.17-2048x1153.jpg 2048w\" sizes=\"auto, (max-width: 1024px) 100vw, 1024px\" \/><\/figure><div class=\"wp-block-media-text__content\">\n<p>Es verwundert sicher niemanden zu h\u00f6ren, dass wir OMAS GEGEN RECHTS mal wieder mittendrin waren \ud83d\ude09 <\/p>\n<\/div><\/div>\n\n\n\n<div class=\"wp-block-media-text has-media-on-the-right is-stacked-on-mobile\" style=\"grid-template-columns:auto 53%\"><div class=\"wp-block-media-text__content\">\n<p>Was aber eine Premiere war: Die OMAS GEGEN RECHTS.DRESDEN hatten auch erstmals Redezeit auf einem solchen Gro\u00dfereignis, und Uta hat uns bravour\u00f6s vertreten &#8211; aber \u00fcberzeugt Euch am besten selbst!<\/p>\n<\/div><figure class=\"wp-block-media-text__media\"><video controls src=\"https:\/\/www.omasgegenrechts-dresden.de\/wp-content\/uploads\/2024\/02\/2024-02-03-Wir-sind-die-Brandmauer-Rede-OGR.DD-klein.mp4\"><\/video><\/figure><\/div>\n\n\n\n<div class=\"wp-block-media-text is-stacked-on-mobile\"><figure class=\"wp-block-media-text__media\"><video controls src=\"https:\/\/www.omasgegenrechts-dresden.de\/wp-content\/uploads\/2024\/02\/2024-02-03-Gesang.mp4\"><\/video><\/figure><div class=\"wp-block-media-text__content\">\n<p>Zum Abschluss (nach dreieinhalb Stunden, davon die letzte halbe Stunde im Regen) wurde noch einmal gemeinsam gesungen&#8230; \ud83d\ude42 <\/p>\n<\/div><\/div>\n\n\n\n<p>Last not least hier noch ein kleiner Einblick in die Vielfalt und Kreativit\u00e4t der zur Schau gestellten Plakate:<\/p>\n\n\n\n<figure class=\"wp-block-gallery has-nested-images columns-5 wp-block-gallery-1 is-layout-flex wp-block-gallery-is-layout-flex\">\n<figure class=\"wp-block-image size-medium\"><a href=\"https:\/\/www.omasgegenrechts-dresden.de\/wp-content\/uploads\/2024\/02\/2024-02-03-14.16.12.jpg\" target=\"_blank\" rel=\"noopener\"><img loading=\"lazy\" decoding=\"async\" width=\"300\" height=\"196\" data-id=\"1238\" src=\"https:\/\/www.omasgegenrechts-dresden.de\/wp-content\/uploads\/2024\/02\/2024-02-03-14.16.12-300x196.jpg\" alt=\"\" class=\"wp-image-1238\" srcset=\"https:\/\/www.omasgegenrechts-dresden.de\/wp-content\/uploads\/2024\/02\/2024-02-03-14.16.12-300x196.jpg 300w, https:\/\/www.omasgegenrechts-dresden.de\/wp-content\/uploads\/2024\/02\/2024-02-03-14.16.12-1024x669.jpg 1024w, https:\/\/www.omasgegenrechts-dresden.de\/wp-content\/uploads\/2024\/02\/2024-02-03-14.16.12-768x502.jpg 768w, https:\/\/www.omasgegenrechts-dresden.de\/wp-content\/uploads\/2024\/02\/2024-02-03-14.16.12-1536x1003.jpg 1536w, https:\/\/www.omasgegenrechts-dresden.de\/wp-content\/uploads\/2024\/02\/2024-02-03-14.16.12-2048x1337.jpg 2048w\" sizes=\"auto, (max-width: 300px) 100vw, 300px\" \/><\/a><\/figure>\n\n\n\n<figure class=\"wp-block-image size-medium\"><a href=\"https:\/\/www.omasgegenrechts-dresden.de\/wp-content\/uploads\/2024\/02\/2024-02-03-14.16.33.jpg\" target=\"_blank\" rel=\"noopener\"><img loading=\"lazy\" decoding=\"async\" width=\"300\" height=\"223\" data-id=\"1237\" src=\"https:\/\/www.omasgegenrechts-dresden.de\/wp-content\/uploads\/2024\/02\/2024-02-03-14.16.33-300x223.jpg\" alt=\"\" class=\"wp-image-1237\" srcset=\"https:\/\/www.omasgegenrechts-dresden.de\/wp-content\/uploads\/2024\/02\/2024-02-03-14.16.33-300x223.jpg 300w, https:\/\/www.omasgegenrechts-dresden.de\/wp-content\/uploads\/2024\/02\/2024-02-03-14.16.33-1024x762.jpg 1024w, https:\/\/www.omasgegenrechts-dresden.de\/wp-content\/uploads\/2024\/02\/2024-02-03-14.16.33-768x572.jpg 768w, https:\/\/www.omasgegenrechts-dresden.de\/wp-content\/uploads\/2024\/02\/2024-02-03-14.16.33-1536x1144.jpg 1536w, https:\/\/www.omasgegenrechts-dresden.de\/wp-content\/uploads\/2024\/02\/2024-02-03-14.16.33.jpg 1902w\" sizes=\"auto, (max-width: 300px) 100vw, 300px\" \/><\/a><\/figure>\n\n\n\n<figure class=\"wp-block-image size-medium\"><a href=\"https:\/\/www.omasgegenrechts-dresden.de\/wp-content\/uploads\/2024\/02\/2024-02-03-14.17.18.jpg\" target=\"_blank\" rel=\"noopener\"><img loading=\"lazy\" decoding=\"async\" width=\"300\" height=\"205\" data-id=\"1239\" src=\"https:\/\/www.omasgegenrechts-dresden.de\/wp-content\/uploads\/2024\/02\/2024-02-03-14.17.18-300x205.jpg\" alt=\"\" class=\"wp-image-1239\" srcset=\"https:\/\/www.omasgegenrechts-dresden.de\/wp-content\/uploads\/2024\/02\/2024-02-03-14.17.18-300x205.jpg 300w, https:\/\/www.omasgegenrechts-dresden.de\/wp-content\/uploads\/2024\/02\/2024-02-03-14.17.18-1024x700.jpg 1024w, https:\/\/www.omasgegenrechts-dresden.de\/wp-content\/uploads\/2024\/02\/2024-02-03-14.17.18-768x525.jpg 768w, https:\/\/www.omasgegenrechts-dresden.de\/wp-content\/uploads\/2024\/02\/2024-02-03-14.17.18-1536x1050.jpg 1536w, https:\/\/www.omasgegenrechts-dresden.de\/wp-content\/uploads\/2024\/02\/2024-02-03-14.17.18-2048x1400.jpg 2048w\" sizes=\"auto, (max-width: 300px) 100vw, 300px\" \/><\/a><\/figure>\n\n\n\n<figure class=\"wp-block-image size-medium\"><a href=\"https:\/\/www.omasgegenrechts-dresden.de\/wp-content\/uploads\/2024\/02\/2024-02-03-14.22.03.jpg\" target=\"_blank\" rel=\"noopener\"><img loading=\"lazy\" decoding=\"async\" width=\"300\" height=\"225\" data-id=\"1241\" src=\"https:\/\/www.omasgegenrechts-dresden.de\/wp-content\/uploads\/2024\/02\/2024-02-03-14.22.03-300x225.jpg\" alt=\"\" class=\"wp-image-1241\" srcset=\"https:\/\/www.omasgegenrechts-dresden.de\/wp-content\/uploads\/2024\/02\/2024-02-03-14.22.03-300x225.jpg 300w, https:\/\/www.omasgegenrechts-dresden.de\/wp-content\/uploads\/2024\/02\/2024-02-03-14.22.03-1024x769.jpg 1024w, https:\/\/www.omasgegenrechts-dresden.de\/wp-content\/uploads\/2024\/02\/2024-02-03-14.22.03-768x577.jpg 768w, https:\/\/www.omasgegenrechts-dresden.de\/wp-content\/uploads\/2024\/02\/2024-02-03-14.22.03-1536x1153.jpg 1536w, https:\/\/www.omasgegenrechts-dresden.de\/wp-content\/uploads\/2024\/02\/2024-02-03-14.22.03.jpg 1750w\" sizes=\"auto, (max-width: 300px) 100vw, 300px\" \/><\/a><\/figure>\n\n\n\n<figure class=\"wp-block-image size-medium\"><a href=\"https:\/\/www.omasgegenrechts-dresden.de\/wp-content\/uploads\/2024\/02\/2024-02-03-16.32.48-scaled.jpg\" target=\"_blank\" rel=\"noopener\"><img loading=\"lazy\" decoding=\"async\" width=\"300\" height=\"198\" data-id=\"1245\" src=\"https:\/\/www.omasgegenrechts-dresden.de\/wp-content\/uploads\/2024\/02\/2024-02-03-16.32.48-300x198.jpg\" alt=\"\" class=\"wp-image-1245\" srcset=\"https:\/\/www.omasgegenrechts-dresden.de\/wp-content\/uploads\/2024\/02\/2024-02-03-16.32.48-300x198.jpg 300w, https:\/\/www.omasgegenrechts-dresden.de\/wp-content\/uploads\/2024\/02\/2024-02-03-16.32.48-1024x676.jpg 1024w, https:\/\/www.omasgegenrechts-dresden.de\/wp-content\/uploads\/2024\/02\/2024-02-03-16.32.48-768x507.jpg 768w, https:\/\/www.omasgegenrechts-dresden.de\/wp-content\/uploads\/2024\/02\/2024-02-03-16.32.48-1536x1014.jpg 1536w, https:\/\/www.omasgegenrechts-dresden.de\/wp-content\/uploads\/2024\/02\/2024-02-03-16.32.48-2048x1352.jpg 2048w, https:\/\/www.omasgegenrechts-dresden.de\/wp-content\/uploads\/2024\/02\/2024-02-03-16.32.48-120x80.jpg 120w\" sizes=\"auto, (max-width: 300px) 100vw, 300px\" \/><\/a><\/figure>\n\n\n\n<figure class=\"wp-block-image size-medium\"><img loading=\"lazy\" decoding=\"async\" width=\"218\" height=\"300\" data-id=\"1249\" src=\"https:\/\/www.omasgegenrechts-dresden.de\/wp-content\/uploads\/2024\/02\/2024-02-03-14.20.02-1-218x300.jpg\" alt=\"\" class=\"wp-image-1249\" srcset=\"https:\/\/www.omasgegenrechts-dresden.de\/wp-content\/uploads\/2024\/02\/2024-02-03-14.20.02-1-218x300.jpg 218w, https:\/\/www.omasgegenrechts-dresden.de\/wp-content\/uploads\/2024\/02\/2024-02-03-14.20.02-1-745x1024.jpg 745w, https:\/\/www.omasgegenrechts-dresden.de\/wp-content\/uploads\/2024\/02\/2024-02-03-14.20.02-1-768x1055.jpg 768w, https:\/\/www.omasgegenrechts-dresden.de\/wp-content\/uploads\/2024\/02\/2024-02-03-14.20.02-1-1118x1536.jpg 1118w, https:\/\/www.omasgegenrechts-dresden.de\/wp-content\/uploads\/2024\/02\/2024-02-03-14.20.02-1-1491x2048.jpg 1491w, https:\/\/www.omasgegenrechts-dresden.de\/wp-content\/uploads\/2024\/02\/2024-02-03-14.20.02-1.jpg 1797w\" sizes=\"auto, (max-width: 218px) 100vw, 218px\" \/><\/figure>\n\n\n\n<figure class=\"wp-block-image size-medium\"><img loading=\"lazy\" decoding=\"async\" width=\"300\" height=\"246\" data-id=\"1251\" src=\"https:\/\/www.omasgegenrechts-dresden.de\/wp-content\/uploads\/2024\/02\/2024-02-03-16.00.37-2-300x246.jpg\" alt=\"\" class=\"wp-image-1251\" srcset=\"https:\/\/www.omasgegenrechts-dresden.de\/wp-content\/uploads\/2024\/02\/2024-02-03-16.00.37-2-300x246.jpg 300w, https:\/\/www.omasgegenrechts-dresden.de\/wp-content\/uploads\/2024\/02\/2024-02-03-16.00.37-2-1024x841.jpg 1024w, https:\/\/www.omasgegenrechts-dresden.de\/wp-content\/uploads\/2024\/02\/2024-02-03-16.00.37-2-768x630.jpg 768w, https:\/\/www.omasgegenrechts-dresden.de\/wp-content\/uploads\/2024\/02\/2024-02-03-16.00.37-2-1536x1261.jpg 1536w, https:\/\/www.omasgegenrechts-dresden.de\/wp-content\/uploads\/2024\/02\/2024-02-03-16.00.37-2-2048x1681.jpg 2048w\" sizes=\"auto, (max-width: 300px) 100vw, 300px\" \/><\/figure>\n\n\n\n<figure class=\"wp-block-image size-medium\"><img loading=\"lazy\" decoding=\"async\" width=\"300\" height=\"116\" data-id=\"1252\" src=\"https:\/\/www.omasgegenrechts-dresden.de\/wp-content\/uploads\/2024\/02\/2024-02-03-16.33.06-2-300x116.jpg\" alt=\"\" class=\"wp-image-1252\" srcset=\"https:\/\/www.omasgegenrechts-dresden.de\/wp-content\/uploads\/2024\/02\/2024-02-03-16.33.06-2-300x116.jpg 300w, https:\/\/www.omasgegenrechts-dresden.de\/wp-content\/uploads\/2024\/02\/2024-02-03-16.33.06-2-1024x395.jpg 1024w, https:\/\/www.omasgegenrechts-dresden.de\/wp-content\/uploads\/2024\/02\/2024-02-03-16.33.06-2-768x296.jpg 768w, https:\/\/www.omasgegenrechts-dresden.de\/wp-content\/uploads\/2024\/02\/2024-02-03-16.33.06-2-1536x592.jpg 1536w, https:\/\/www.omasgegenrechts-dresden.de\/wp-content\/uploads\/2024\/02\/2024-02-03-16.33.06-2-2048x789.jpg 2048w\" sizes=\"auto, (max-width: 300px) 100vw, 300px\" \/><\/figure>\n\n\n\n<figure class=\"wp-block-image size-medium\"><a href=\"https:\/\/www.omasgegenrechts-dresden.de\/wp-content\/uploads\/2024\/02\/2024-02-03-14.21.51.jpg\" target=\"_blank\" rel=\"noopener\"><img loading=\"lazy\" decoding=\"async\" width=\"297\" height=\"300\" data-id=\"1242\" src=\"https:\/\/www.omasgegenrechts-dresden.de\/wp-content\/uploads\/2024\/02\/2024-02-03-14.21.51-297x300.jpg\" alt=\"\" class=\"wp-image-1242\" srcset=\"https:\/\/www.omasgegenrechts-dresden.de\/wp-content\/uploads\/2024\/02\/2024-02-03-14.21.51-297x300.jpg 297w, https:\/\/www.omasgegenrechts-dresden.de\/wp-content\/uploads\/2024\/02\/2024-02-03-14.21.51-1013x1024.jpg 1013w, https:\/\/www.omasgegenrechts-dresden.de\/wp-content\/uploads\/2024\/02\/2024-02-03-14.21.51-768x776.jpg 768w, https:\/\/www.omasgegenrechts-dresden.de\/wp-content\/uploads\/2024\/02\/2024-02-03-14.21.51-1520x1536.jpg 1520w, https:\/\/www.omasgegenrechts-dresden.de\/wp-content\/uploads\/2024\/02\/2024-02-03-14.21.51.jpg 1888w\" sizes=\"auto, (max-width: 297px) 100vw, 297px\" \/><\/a><\/figure>\n\n\n\n<figure class=\"wp-block-image size-medium\"><a href=\"https:\/\/www.omasgegenrechts-dresden.de\/wp-content\/uploads\/2024\/02\/2024-02-03-15.02.23.jpg\" target=\"_blank\" rel=\"noopener\"><img loading=\"lazy\" decoding=\"async\" width=\"300\" height=\"225\" data-id=\"1244\" src=\"https:\/\/www.omasgegenrechts-dresden.de\/wp-content\/uploads\/2024\/02\/2024-02-03-15.02.23-300x225.jpg\" alt=\"\" class=\"wp-image-1244\" srcset=\"https:\/\/www.omasgegenrechts-dresden.de\/wp-content\/uploads\/2024\/02\/2024-02-03-15.02.23-300x225.jpg 300w, https:\/\/www.omasgegenrechts-dresden.de\/wp-content\/uploads\/2024\/02\/2024-02-03-15.02.23-1024x768.jpg 1024w, https:\/\/www.omasgegenrechts-dresden.de\/wp-content\/uploads\/2024\/02\/2024-02-03-15.02.23-768x576.jpg 768w, https:\/\/www.omasgegenrechts-dresden.de\/wp-content\/uploads\/2024\/02\/2024-02-03-15.02.23-1536x1152.jpg 1536w, https:\/\/www.omasgegenrechts-dresden.de\/wp-content\/uploads\/2024\/02\/2024-02-03-15.02.23.jpg 2037w\" sizes=\"auto, (max-width: 300px) 100vw, 300px\" \/><\/a><\/figure>\n<\/figure>\n","protected":false},"excerpt":{"rendered":"<p>Heute war es so weit: der Gro\u00dfe Aktionstag in Dresden: Brandmauer gegen Rechts ging buchst\u00e4blich \u00fcber die B\u00fchne &#8211; n\u00e4mlich \u00fcber die auf dem Theaterplatz.<\/p>\n","protected":false},"author":4,"featured_media":1230,"comment_status":"closed","ping_status":"closed","sticky":false,"template":"","format":"standard","meta":{"om_disable_all_campaigns":false,"_monsterinsights_skip_tracking":false,"_monsterinsights_sitenote_active":false,"_monsterinsights_sitenote_note":"","_monsterinsights_sitenote_category":0,"footnotes":""},"categories":[10],"tags":[],"class_list":["post-1228","post","type-post","status-publish","format-standard","has-post-thumbnail","hentry","category-aktivitaeten"],"aioseo_notices":[],"_links":{"self":[{"href":"https:\/\/www.omasgegenrechts-dresden.de\/index.php\/wp-json\/wp\/v2\/posts\/1228","targetHints":{"allow":["GET"]}}],"collection":[{"href":"https:\/\/www.omasgegenrechts-dresden.de\/index.php\/wp-json\/wp\/v2\/posts"}],"about":[{"href":"https:\/\/www.omasgegenrechts-dresden.de\/index.php\/wp-json\/wp\/v2\/types\/post"}],"author":[{"embeddable":true,"href":"https:\/\/www.omasgegenrechts-dresden.de\/index.php\/wp-json\/wp\/v2\/users\/4"}],"replies":[{"embeddable":true,"href":"https:\/\/www.omasgegenrechts-dresden.de\/index.php\/wp-json\/wp\/v2\/comments?post=1228"}],"version-history":[{"count":11,"href":"https:\/\/www.omasgegenrechts-dresden.de\/index.php\/wp-json\/wp\/v2\/posts\/1228\/revisions"}],"predecessor-version":[{"id":1261,"href":"https:\/\/www.omasgegenrechts-dresden.de\/index.php\/wp-json\/wp\/v2\/posts\/1228\/revisions\/1261"}],"wp:featuredmedia":[{"embeddable":true,"href":"https:\/\/www.omasgegenrechts-dresden.de\/index.php\/wp-json\/wp\/v2\/media\/1230"}],"wp:attachment":[{"href":"https:\/\/www.omasgegenrechts-dresden.de\/index.php\/wp-json\/wp\/v2\/media?parent=1228"}],"wp:term":[{"taxonomy":"category","embeddable":true,"href":"https:\/\/www.omasgegenrechts-dresden.de\/index.php\/wp-json\/wp\/v2\/categories?post=1228"},{"taxonomy":"post_tag","embeddable":true,"href":"https:\/\/www.omasgegenrechts-dresden.de\/index.php\/wp-json\/wp\/v2\/tags?post=1228"}],"curies":[{"name":"wp","href":"https:\/\/api.w.org\/{rel}","templated":true}]}}