{"id":1305,"date":"2024-02-09T21:12:08","date_gmt":"2024-02-09T20:12:08","guid":{"rendered":"https:\/\/www.omasgegenrechts-dresden.de\/?p=1305"},"modified":"2024-02-09T21:16:02","modified_gmt":"2024-02-09T20:16:02","slug":"begleitprogramm-aktionen-zum-13-februar-in-dresden","status":"publish","type":"post","link":"https:\/\/www.omasgegenrechts-dresden.de\/index.php\/2024\/02\/09\/begleitprogramm-aktionen-zum-13-februar-in-dresden\/","title":{"rendered":"Begleitprogramm: Aktionen zum 13. Februar in Dresden"},"content":{"rendered":"\n<p>Auch in diesem Jahr gibt es wieder vielf\u00e4ltige Aktionen demokratischer Kr\u00e4fte, um am oder um den 13. Februar herum der Opfer des Nationalsozialismus zu gedenken und auf die T\u00e4ter*innen aufmerksam zu machen.<\/p>\n\n\n\n<!--more-->\n\n\n\n<p>Einige davon haben wir bereits hier auf unserer Homepage ver\u00f6ffentlicht, wie zum Beispiel den <a href=\"https:\/\/www.omasgegenrechts-dresden.de\/index.php\/termine\/mahngang-taeterinnenspuren-wohlfahrt-und-soziale-arbeit-im-nationalsozialismus\/\" target=\"_blank\" rel=\"noopener\" title=\"\">Mahngang T\u00e4ter*innenspuren: Wohlfahrt und Soziale Arbeit im Nationalsozialismus<\/a> des B\u00fcndnisses \u00a0<a href=\"https:\/\/www.facebook.com\/dresden.stellt.sich.quer\" target=\"_blank\" rel=\"noreferrer noopener\">Dresden WiEdersetzen<\/a> und nat\u00fcrlich die von uns selbst verantwortete  <a href=\"https:\/\/www.omasgegenrechts-dresden.de\/index.php\/termine\/mahnwache-fuer-frieden-gegen-krieg-und-gewalt-ueberall-3\/\" target=\"_blank\" rel=\"noopener\" title=\"\">Mahnwache \u201eF\u00fcr Frieden \u2013 gegen Krieg und Gewalt \u00fcberall\u201c zum 13. Februar<\/a>.<\/p>\n\n\n\n<p>Das <strong><a href=\"https:\/\/13februar.dresden.de\/de\/begleitprogramm.php\" target=\"_blank\" rel=\"noopener\" title=\"\">Begleitprogramm zum 13. Februar 2024<\/a> der Stadt Dresden<\/strong> listet verschiedenste Veranstaltungen zum dezentralen Gedenken sowie weitere Angebote und Projekte verschiedener Akteure und Einrichtungen in Dresden im Zeitraum von <strong>Januar bis April 2023<\/strong> auf. <strong>Es lohnt sich, auch dort mal einen Blick hineinzuwerfen.<\/strong><\/p>\n","protected":false},"excerpt":{"rendered":"<p>Auch in diesem Jahr gibt es wieder vielf\u00e4ltige Aktionen demokratischer Kr\u00e4fte, um am oder um den 13. Februar herum der Opfer des Nationalsozialismus zu gedenken und auf die T\u00e4ter*innen aufmerksam zu machen.<\/p>\n","protected":false},"author":1,"featured_media":0,"comment_status":"closed","ping_status":"closed","sticky":false,"template":"","format":"standard","meta":{"om_disable_all_campaigns":false,"_monsterinsights_skip_tracking":false,"_monsterinsights_sitenote_active":false,"_monsterinsights_sitenote_note":"","_monsterinsights_sitenote_category":0,"footnotes":""},"categories":[10],"tags":[],"class_list":["post-1305","post","type-post","status-publish","format-standard","hentry","category-aktivitaeten"],"aioseo_notices":[],"_links":{"self":[{"href":"https:\/\/www.omasgegenrechts-dresden.de\/index.php\/wp-json\/wp\/v2\/posts\/1305","targetHints":{"allow":["GET"]}}],"collection":[{"href":"https:\/\/www.omasgegenrechts-dresden.de\/index.php\/wp-json\/wp\/v2\/posts"}],"about":[{"href":"https:\/\/www.omasgegenrechts-dresden.de\/index.php\/wp-json\/wp\/v2\/types\/post"}],"author":[{"embeddable":true,"href":"https:\/\/www.omasgegenrechts-dresden.de\/index.php\/wp-json\/wp\/v2\/users\/1"}],"replies":[{"embeddable":true,"href":"https:\/\/www.omasgegenrechts-dresden.de\/index.php\/wp-json\/wp\/v2\/comments?post=1305"}],"version-history":[{"count":3,"href":"https:\/\/www.omasgegenrechts-dresden.de\/index.php\/wp-json\/wp\/v2\/posts\/1305\/revisions"}],"predecessor-version":[{"id":1309,"href":"https:\/\/www.omasgegenrechts-dresden.de\/index.php\/wp-json\/wp\/v2\/posts\/1305\/revisions\/1309"}],"wp:attachment":[{"href":"https:\/\/www.omasgegenrechts-dresden.de\/index.php\/wp-json\/wp\/v2\/media?parent=1305"}],"wp:term":[{"taxonomy":"category","embeddable":true,"href":"https:\/\/www.omasgegenrechts-dresden.de\/index.php\/wp-json\/wp\/v2\/categories?post=1305"},{"taxonomy":"post_tag","embeddable":true,"href":"https:\/\/www.omasgegenrechts-dresden.de\/index.php\/wp-json\/wp\/v2\/tags?post=1305"}],"curies":[{"name":"wp","href":"https:\/\/api.w.org\/{rel}","templated":true}]}}