{"id":1645,"date":"2024-05-16T19:53:29","date_gmt":"2024-05-16T17:53:29","guid":{"rendered":"https:\/\/www.omasgegenrechts-dresden.de\/?p=1645"},"modified":"2024-05-27T21:14:54","modified_gmt":"2024-05-27T19:14:54","slug":"aachener-friedenspreis-fuer-die-omas-gegen-rechts","status":"publish","type":"post","link":"https:\/\/www.omasgegenrechts-dresden.de\/index.php\/2024\/05\/16\/aachener-friedenspreis-fuer-die-omas-gegen-rechts\/","title":{"rendered":"Aachener Friedenspreis f\u00fcr die OMAS GEGEN RECHTS"},"content":{"rendered":"\n<p>Seit 1988 zeichnet der Verein\u00a0<a href=\"https:\/\/www.aachener-friedenspreis.de\/\">Aachener Friedenspreis<\/a>\u00a0jedes Jahr Menschen und Gruppen aus, die an der Basis f\u00fcr Frieden und Verst\u00e4ndigung arbeiten. Dieses Jahr geht die seit 1988 bestehende Auszeichnung an YIHR, die Youth Initiative for Human Rights (Jugendinitiative f\u00fcr Menschenrechte) &#8211; und an die OMAS GEGEN RECHTS!<\/p>\n\n\n\n<!--more-->\n\n\n\n<p>In der offiziellen Begr\u00fcndung f\u00fcr den Preis an die OMAS GEGEN RECHTS hei\u00dft es:<\/p>\n\n\n\n<blockquote class=\"wp-block-quote is-layout-flow wp-block-quote-is-layout-flow\">\n<p>Die rasant wachsende Bewegung der Omas gegen Rechts setzt sich mit verschiedenen Aktionsformen aktivistisch f\u00fcr Gleichberechtigung und Toleranz sowie gegen Antisemitismus, Rassismus und Antifeminismus ein und stellt sich den rechtsextremen und faschistischen Entwicklungen in Deutschland und den europ\u00e4ischen L\u00e4ndern entgegen. Sie haben bei allen Altersgruppen einen hohen Stellenwert und erreichen viele Menschen. Die Omas (und Opas) leben den politischen Pluralismus \u2013 es sind von ganz links bis konservativ alle Einstellungen vertreten, gemeinsam versammelt hinter dem Ziel, gegen den Rechtsextremismus zu arbeiten. Besonders im Osten Deutschlands erfordert dieses Engagement viel Mut, den der Aachener Friedenspreis explizit w\u00fcrdigen will.<\/p>\n<cite><a href=\"https:\/\/www.aachener-friedenspreis.de\/aachener-friedenspreis-2024-fuer-jugendarbeit-auf-dem-balkan-und-omas-gegen-rechts\/\" target=\"_blank\" rel=\"noopener\" title=\"\">https:\/\/www.aachener-friedenspreis.de\/aachener-friedenspreis-2024-fuer-jugendarbeit-auf-dem-balkan-und-omas-gegen-rechts\/<\/a><\/cite><\/blockquote>\n\n\n\n<p>Nat\u00fcrlich macht uns das stolz und gibt uns Kraft f\u00fcr unsere weitere Arbeit! \ud83d\ude42<\/p>\n","protected":false},"excerpt":{"rendered":"<p>Seit 1988 zeichnet der Verein\u00a0Aachener Friedenspreis\u00a0jedes Jahr Menschen und Gruppen aus, die an der Basis f\u00fcr Frieden und Verst\u00e4ndigung arbeiten. Dieses Jahr geht die seit 1988 bestehende Auszeichnung an YIHR, die Youth Initiative for Human Rights (Jugendinitiative f\u00fcr Menschenrechte) &#8211; und an die OMAS GEGEN RECHTS!<\/p>\n","protected":false},"author":1,"featured_media":0,"comment_status":"closed","ping_status":"closed","sticky":false,"template":"","format":"standard","meta":{"om_disable_all_campaigns":false,"_monsterinsights_skip_tracking":false,"_monsterinsights_sitenote_active":false,"_monsterinsights_sitenote_note":"","_monsterinsights_sitenote_category":0,"footnotes":""},"categories":[10],"tags":[],"class_list":["post-1645","post","type-post","status-publish","format-standard","hentry","category-aktivitaeten"],"aioseo_notices":[],"_links":{"self":[{"href":"https:\/\/www.omasgegenrechts-dresden.de\/index.php\/wp-json\/wp\/v2\/posts\/1645","targetHints":{"allow":["GET"]}}],"collection":[{"href":"https:\/\/www.omasgegenrechts-dresden.de\/index.php\/wp-json\/wp\/v2\/posts"}],"about":[{"href":"https:\/\/www.omasgegenrechts-dresden.de\/index.php\/wp-json\/wp\/v2\/types\/post"}],"author":[{"embeddable":true,"href":"https:\/\/www.omasgegenrechts-dresden.de\/index.php\/wp-json\/wp\/v2\/users\/1"}],"replies":[{"embeddable":true,"href":"https:\/\/www.omasgegenrechts-dresden.de\/index.php\/wp-json\/wp\/v2\/comments?post=1645"}],"version-history":[{"count":3,"href":"https:\/\/www.omasgegenrechts-dresden.de\/index.php\/wp-json\/wp\/v2\/posts\/1645\/revisions"}],"predecessor-version":[{"id":1649,"href":"https:\/\/www.omasgegenrechts-dresden.de\/index.php\/wp-json\/wp\/v2\/posts\/1645\/revisions\/1649"}],"wp:attachment":[{"href":"https:\/\/www.omasgegenrechts-dresden.de\/index.php\/wp-json\/wp\/v2\/media?parent=1645"}],"wp:term":[{"taxonomy":"category","embeddable":true,"href":"https:\/\/www.omasgegenrechts-dresden.de\/index.php\/wp-json\/wp\/v2\/categories?post=1645"},{"taxonomy":"post_tag","embeddable":true,"href":"https:\/\/www.omasgegenrechts-dresden.de\/index.php\/wp-json\/wp\/v2\/tags?post=1645"}],"curies":[{"name":"wp","href":"https:\/\/api.w.org\/{rel}","templated":true}]}}