{"id":1673,"date":"2024-06-21T11:34:18","date_gmt":"2024-06-21T09:34:18","guid":{"rendered":"https:\/\/www.omasgegenrechts-dresden.de\/?p=1673"},"modified":"2024-06-28T16:34:42","modified_gmt":"2024-06-28T14:34:42","slug":"save-the-date-am-01-07-gemeinsam-gegen-pegida","status":"publish","type":"post","link":"https:\/\/www.omasgegenrechts-dresden.de\/index.php\/2024\/06\/21\/save-the-date-am-01-07-gemeinsam-gegen-pegida\/","title":{"rendered":"Save the Date: am 01.07. gemeinsam gegen Pegida"},"content":{"rendered":"\n<p>Wir teilen den Aufruf von <a href=\"https:\/\/www.facebook.com\/hopedresden\/\" target=\"_blank\" rel=\"noopener\" title=\"\">HOPE &#8211; fight racism<\/a>:<\/p>\n\n\n\n<p><em>Am 01.07.2024 trifft sich Pegida wieder und diesmal ist Martin Sellner zu Gast. Kommt mit uns auf die Stra\u00dfe, um ihnen lautstark Paroli zu bieten.<\/em><\/p>\n\n\n\n<p><em>Alerta!<\/em><\/p>\n\n\n\n<!--more-->\n\n\n\n<p>Wir teilen konkrete Informationen zu Zeit und Ort, sobald sie uns vorliegen. Aber haltet Euch den Abend gerne schon mal frei!\u270a<\/p>\n\n\n\n<p>Zur Erinnerung:<\/p>\n\n\n\n<ul class=\"wp-block-list\">\n<li>Martin Sellner ist ein \u00f6sterreichischer rechtsextremer Aktivist und Autor. Von 2015 bis 2023 war er Sprecher der Identit\u00e4ren Bewegung \u00d6sterreich (IB\u00d6). Er ist auch als Akteur der Neuen Rechten bekannt und propagiert rassistische, v\u00f6lkische und antisemitische Positionen. (Quelle: <a href=\"https:\/\/de.wikipedia.org\/wiki\/Martin_Sellner\" target=\"_blank\" rel=\"noopener\" title=\"\">Wikipedia<\/a>)<\/li>\n\n\n\n<li>Bei dem von Correctiv im Januar 2024 enth\u00fcllten Treffen von Rechtsextremisten in Potsdam (s. <a href=\"https:\/\/correctiv.org\/aktuelles\/neue-rechte\/2024\/01\/10\/geheimplan-remigration-vertreibung-afd-rechtsextreme-november-treffen\/\" target=\"_blank\" rel=\"noopener\" title=\"\">Geheimplan gegen Deutschland<\/a>) nahm Sellner eine tragende Rolle ein.<\/li>\n\n\n\n<li>In Sellners Beitrag und in der Diskussion ging es um einen sogenannten \u201eMasterplan zur Remigration\u201c. Laut Sellner sollen drei Gruppen Deutschland verlassen: Asylbewerber, Ausl\u00e4nder mit Bleiberecht und \u201enicht assimilierte\u201c (deutsche) Staatsb\u00fcrger. Sellner dachte auch an einen \u201eMusterstaat\u201c oder eine \u201eMusterstadt\u201c in Nordafrika, wohin man bis zu zwei Millionen Menschen \u201ehinbewegen\u201c k\u00f6nne und die Fl\u00fcchtlingshelfer ihnen folgen k\u00f6nnten. (Quelle: <a href=\"https:\/\/de.wikipedia.org\/wiki\/Treffen_von_Rechtsextremisten_in_Potsdam_2023\" target=\"_blank\" rel=\"noopener\" title=\"\">Wikipedia<\/a>)<\/li>\n<\/ul>\n\n\n\n<p>Das im M\u00e4rz 2024 gegen Sellner verh\u00e4ngte Einreiseverbot nach Deutschland wurde inzwischen leider ausgesetzt. Das\u00a0Verwaltungsgericht Potsdam\u00a0gab einem Eilantrag Sellners gegen das Einreiseverbot Ende Mai 2024 mit\u00a0aufschiebender Wirkung\u00a0statt; das Einreiseverbot darf somit vorerst nicht vollzogen werden.<\/p>\n\n\n\n<hr class=\"wp-block-separator has-alpha-channel-opacity\"\/>\n\n\n\n<p>Update 28.06.2024:<\/p>\n\n\n\n<div class=\"wp-block-columns is-layout-flex wp-container-core-columns-is-layout-9d6595d7 wp-block-columns-is-layout-flex\">\n<div class=\"wp-block-column is-layout-flow wp-block-column-is-layout-flow\" style=\"flex-basis:70%\">\n<p><strong>Treffen von HOPE ist 17:00 Uhr am Alaunpark<\/strong> (<a href=\"https:\/\/x.com\/hopedresden\/status\/1805924694626877881\" target=\"_blank\" rel=\"noopener\" title=\"\">https:\/\/x.com\/hopedresden\/status\/1805924694626877881<\/a>)<strong>:<\/strong><\/p>\n\n\n<div class=\"wp-block-image\">\n<figure class=\"alignleft size-full is-resized\"><img loading=\"lazy\" decoding=\"async\" width=\"592\" height=\"770\" src=\"https:\/\/www.omasgegenrechts-dresden.de\/wp-content\/uploads\/2024\/06\/image.png\" alt=\"\" class=\"wp-image-1680\" style=\"width:499px;height:auto\" srcset=\"https:\/\/www.omasgegenrechts-dresden.de\/wp-content\/uploads\/2024\/06\/image.png 592w, https:\/\/www.omasgegenrechts-dresden.de\/wp-content\/uploads\/2024\/06\/image-231x300.png 231w\" sizes=\"auto, (max-width: 592px) 100vw, 592px\" \/><\/figure>\n<\/div><\/div>\n\n\n\n<div class=\"wp-block-column is-layout-flow wp-block-column-is-layout-flow\" style=\"flex-basis:30%\">\n<p><strong>Alternative Treffpunkte:<\/strong><\/p>\n\n\n\n<ul class=\"wp-block-list\">\n<li>18:00 Frauenkirche<\/li>\n\n\n\n<li>oder ca. 18.15 Uhr Neumarkt auf der Fl\u00e4che vor der Frauenstra\u00dfe sowie Bereich vor dem Gr\u00fcnen Gewandhaus<\/li>\n<\/ul>\n<\/div>\n<\/div>\n","protected":false},"excerpt":{"rendered":"<p>Wir teilen den Aufruf von HOPE &#8211; fight racism: Am 01.07.2024 trifft sich Pegida wieder und diesmal ist Martin Sellner zu Gast. Kommt mit uns auf die Stra\u00dfe, um ihnen lautstark Paroli zu bieten. Alerta!<\/p>\n","protected":false},"author":1,"featured_media":1674,"comment_status":"closed","ping_status":"closed","sticky":false,"template":"","format":"standard","meta":{"om_disable_all_campaigns":false,"_monsterinsights_skip_tracking":false,"_monsterinsights_sitenote_active":false,"_monsterinsights_sitenote_note":"","_monsterinsights_sitenote_category":0,"footnotes":""},"categories":[10],"tags":[],"class_list":["post-1673","post","type-post","status-publish","format-standard","has-post-thumbnail","hentry","category-aktivitaeten"],"aioseo_notices":[],"_links":{"self":[{"href":"https:\/\/www.omasgegenrechts-dresden.de\/index.php\/wp-json\/wp\/v2\/posts\/1673","targetHints":{"allow":["GET"]}}],"collection":[{"href":"https:\/\/www.omasgegenrechts-dresden.de\/index.php\/wp-json\/wp\/v2\/posts"}],"about":[{"href":"https:\/\/www.omasgegenrechts-dresden.de\/index.php\/wp-json\/wp\/v2\/types\/post"}],"author":[{"embeddable":true,"href":"https:\/\/www.omasgegenrechts-dresden.de\/index.php\/wp-json\/wp\/v2\/users\/1"}],"replies":[{"embeddable":true,"href":"https:\/\/www.omasgegenrechts-dresden.de\/index.php\/wp-json\/wp\/v2\/comments?post=1673"}],"version-history":[{"count":9,"href":"https:\/\/www.omasgegenrechts-dresden.de\/index.php\/wp-json\/wp\/v2\/posts\/1673\/revisions"}],"predecessor-version":[{"id":1689,"href":"https:\/\/www.omasgegenrechts-dresden.de\/index.php\/wp-json\/wp\/v2\/posts\/1673\/revisions\/1689"}],"wp:featuredmedia":[{"embeddable":true,"href":"https:\/\/www.omasgegenrechts-dresden.de\/index.php\/wp-json\/wp\/v2\/media\/1674"}],"wp:attachment":[{"href":"https:\/\/www.omasgegenrechts-dresden.de\/index.php\/wp-json\/wp\/v2\/media?parent=1673"}],"wp:term":[{"taxonomy":"category","embeddable":true,"href":"https:\/\/www.omasgegenrechts-dresden.de\/index.php\/wp-json\/wp\/v2\/categories?post=1673"},{"taxonomy":"post_tag","embeddable":true,"href":"https:\/\/www.omasgegenrechts-dresden.de\/index.php\/wp-json\/wp\/v2\/tags?post=1673"}],"curies":[{"name":"wp","href":"https:\/\/api.w.org\/{rel}","templated":true}]}}