{"id":1739,"date":"2024-07-24T19:45:12","date_gmt":"2024-07-24T17:45:12","guid":{"rendered":"https:\/\/www.omasgegenrechts-dresden.de\/?p=1739"},"modified":"2024-07-24T21:14:15","modified_gmt":"2024-07-24T19:14:15","slug":"10-08-in-doebeln-verantwortung-uebernehmen-demokratie-bleibt-bunt","status":"publish","type":"post","link":"https:\/\/www.omasgegenrechts-dresden.de\/index.php\/2024\/07\/24\/10-08-in-doebeln-verantwortung-uebernehmen-demokratie-bleibt-bunt\/","title":{"rendered":"10.08. in D\u00f6beln: Verantwortung \u00fcbernehmen -Demokratie bleibt bunt!"},"content":{"rendered":"\n<p>Wir teilen den Beitrag von <a href=\"https:\/\/www.facebook.com\/buntesdoebeln\/\" target=\"_blank\" rel=\"noopener\" title=\"\">D\u00f6beln bleibt bunt<\/a>:<\/p>\n\n\n\n<div class=\"wp-block-media-text is-stacked-on-mobile\" style=\"grid-template-columns:25% auto\"><figure class=\"wp-block-media-text__media\"><img loading=\"lazy\" decoding=\"async\" width=\"992\" height=\"1024\" src=\"https:\/\/www.omasgegenrechts-dresden.de\/wp-content\/uploads\/2024\/07\/signal-2024-07-24-153740_002-992x1024.jpeg\" alt=\"\" class=\"wp-image-1741 size-full\" srcset=\"https:\/\/www.omasgegenrechts-dresden.de\/wp-content\/uploads\/2024\/07\/signal-2024-07-24-153740_002-992x1024.jpeg 992w, https:\/\/www.omasgegenrechts-dresden.de\/wp-content\/uploads\/2024\/07\/signal-2024-07-24-153740_002-291x300.jpeg 291w, https:\/\/www.omasgegenrechts-dresden.de\/wp-content\/uploads\/2024\/07\/signal-2024-07-24-153740_002-768x793.jpeg 768w, https:\/\/www.omasgegenrechts-dresden.de\/wp-content\/uploads\/2024\/07\/signal-2024-07-24-153740_002.jpeg 1170w\" sizes=\"auto, (max-width: 992px) 100vw, 992px\" \/><\/figure><div class=\"wp-block-media-text__content\">\n<p><em>Kommt am Samstag, 10. August, 14 Uhr zu uns nach D\u00f6beln auf den D\u00f6belner Obermarkt und feiert gemeinsam mit uns die Demokratie <img loading=\"lazy\" decoding=\"async\" height=\"16\" width=\"16\" src=\"https:\/\/static.xx.fbcdn.net\/images\/emoji.php\/v9\/t8c\/1\/16\/1f389.png\" alt=\"\ud83c\udf89\"><\/em>!<\/p>\n\n\n\n<p><em>Mehr Infos folgen.<\/em><\/p>\n<\/div><\/div>\n\n\n\n<!--more-->\n\n\n\n<p>Die OMAS GEGEN RECHTS aus D\u00f6beln haben uns eingeladen, mit dabeizusein, um gemeinsam diesen Tag zu feiern &#8211; da z\u00f6gern wir doch nicht lange und werden uns mit einer kleinen Abordnung auf den Weg machen, um zu unterst\u00fctzen \ud83e\udd17\ud83d\udcaa.<\/p>\n","protected":false},"excerpt":{"rendered":"<p>Wir teilen den Beitrag von D\u00f6beln bleibt bunt: Kommt am Samstag, 10. August, 14 Uhr zu uns nach D\u00f6beln auf den D\u00f6belner Obermarkt und feiert gemeinsam mit uns die Demokratie ! Mehr Infos folgen.<\/p>\n","protected":false},"author":1,"featured_media":1743,"comment_status":"closed","ping_status":"closed","sticky":false,"template":"","format":"standard","meta":{"om_disable_all_campaigns":false,"_monsterinsights_skip_tracking":false,"_monsterinsights_sitenote_active":false,"_monsterinsights_sitenote_note":"","_monsterinsights_sitenote_category":0,"footnotes":""},"categories":[10],"tags":[],"class_list":["post-1739","post","type-post","status-publish","format-standard","has-post-thumbnail","hentry","category-aktivitaeten"],"aioseo_notices":[],"_links":{"self":[{"href":"https:\/\/www.omasgegenrechts-dresden.de\/index.php\/wp-json\/wp\/v2\/posts\/1739","targetHints":{"allow":["GET"]}}],"collection":[{"href":"https:\/\/www.omasgegenrechts-dresden.de\/index.php\/wp-json\/wp\/v2\/posts"}],"about":[{"href":"https:\/\/www.omasgegenrechts-dresden.de\/index.php\/wp-json\/wp\/v2\/types\/post"}],"author":[{"embeddable":true,"href":"https:\/\/www.omasgegenrechts-dresden.de\/index.php\/wp-json\/wp\/v2\/users\/1"}],"replies":[{"embeddable":true,"href":"https:\/\/www.omasgegenrechts-dresden.de\/index.php\/wp-json\/wp\/v2\/comments?post=1739"}],"version-history":[{"count":4,"href":"https:\/\/www.omasgegenrechts-dresden.de\/index.php\/wp-json\/wp\/v2\/posts\/1739\/revisions"}],"predecessor-version":[{"id":1749,"href":"https:\/\/www.omasgegenrechts-dresden.de\/index.php\/wp-json\/wp\/v2\/posts\/1739\/revisions\/1749"}],"wp:featuredmedia":[{"embeddable":true,"href":"https:\/\/www.omasgegenrechts-dresden.de\/index.php\/wp-json\/wp\/v2\/media\/1743"}],"wp:attachment":[{"href":"https:\/\/www.omasgegenrechts-dresden.de\/index.php\/wp-json\/wp\/v2\/media?parent=1739"}],"wp:term":[{"taxonomy":"category","embeddable":true,"href":"https:\/\/www.omasgegenrechts-dresden.de\/index.php\/wp-json\/wp\/v2\/categories?post=1739"},{"taxonomy":"post_tag","embeddable":true,"href":"https:\/\/www.omasgegenrechts-dresden.de\/index.php\/wp-json\/wp\/v2\/tags?post=1739"}],"curies":[{"name":"wp","href":"https:\/\/api.w.org\/{rel}","templated":true}]}}