{"id":1758,"date":"2024-07-30T10:02:00","date_gmt":"2024-07-30T08:02:00","guid":{"rendered":"https:\/\/www.omasgegenrechts-dresden.de\/?p=1758"},"modified":"2024-07-30T12:52:52","modified_gmt":"2024-07-30T10:52:52","slug":"dresdner-omas-gegen-rechts-engagieren-sich-beim-bundeskongress","status":"publish","type":"post","link":"https:\/\/www.omasgegenrechts-dresden.de\/index.php\/2024\/07\/30\/dresdner-omas-gegen-rechts-engagieren-sich-beim-bundeskongress\/","title":{"rendered":"Dresdner OMAS GEGEN RECHTS engagieren sich beim Bundeskongress"},"content":{"rendered":"\n<p>Unter dem Motto &#8220;Demokratie sch\u00fctzen \u2013 JETZT!&#8221; findet vom 2. bis 4. August 2024 in Erfurt ein <a href=\"https:\/\/www.evangelisch.de\/inhalte\/232221\/26-07-2024\/omas-gegen-rechts-wollen-sich-vor-wahlen-gehoer-verschaffen\" target=\"_blank\" rel=\"noopener\" title=\"\">Bundeskongress der OMAS GEGEN RECHTS<\/a> mit zahlreichen Veranstaltungen im Landtag sowie im Stadtzentrum statt.<\/p>\n\n\n\n<!--more-->\n\n\n\n<p><strong>Ungef\u00e4hr 30.000 OMAS GEGEN RECHTS in weit \u00fcber 200 regionalen und lokalen Gruppen<\/strong> sind in Deutschland mit ihrer politischen \u00dcberzeugungsarbeit aktiv. Das markante Logo, schlichte schwarze Schrift auf wei\u00dfem Hintergrund, ist omnipr\u00e4sent bei Demonstrationen und Veranstaltungen f\u00fcr eine offene demokratische Gesellschaft. Auf lokaler und regionaler Ebene sind die OMAS l\u00e4ngst <strong>wichtige Partnerinnen der vielen verschiedenen B\u00fcndnisse f\u00fcr Demokratie und gegen Rechts<\/strong>.<\/p>\n\n\n\n<div class=\"wp-block-media-text is-stacked-on-mobile\" style=\"grid-template-columns:33% auto\"><figure class=\"wp-block-media-text__media\"><img loading=\"lazy\" decoding=\"async\" width=\"788\" height=\"990\" src=\"https:\/\/www.omasgegenrechts-dresden.de\/wp-content\/uploads\/2024\/07\/Demo-in-Erfurt-Demokratie-schuetzen-JETZT-1.png\" alt=\"Aufruf zur Demo unter dem Motto &quot;Demokratie sch\u00fctzen - JETZT!&quot; am 3. August 2024 beim Bundeskongress der OMAS GEGEN RECHTS in Erfurt\" class=\"wp-image-1704 size-full\" srcset=\"https:\/\/www.omasgegenrechts-dresden.de\/wp-content\/uploads\/2024\/07\/Demo-in-Erfurt-Demokratie-schuetzen-JETZT-1.png 788w, https:\/\/www.omasgegenrechts-dresden.de\/wp-content\/uploads\/2024\/07\/Demo-in-Erfurt-Demokratie-schuetzen-JETZT-1-239x300.png 239w, https:\/\/www.omasgegenrechts-dresden.de\/wp-content\/uploads\/2024\/07\/Demo-in-Erfurt-Demokratie-schuetzen-JETZT-1-768x965.png 768w\" sizes=\"auto, (max-width: 788px) 100vw, 788px\" \/><\/figure><div class=\"wp-block-media-text__content\">\n<p><strong>\u201eDemokratie sch\u00fctzen &#8211; JETZT!\u201c<\/strong> Unter diesem Motto treffen sich nun 300 OMAS aus ganz Deutschland zu ihrem <strong>Bundeskongress in Erfurt<\/strong>. Nat\u00fcrlich sind Ort und Datum nicht zuf\u00e4llig gew\u00e4hlt. Es stehen die Landtagswahlen am 1. September in Th\u00fcringen und Sachsen sowie am 22. September in Brandenburg an. Die OMAS GEGEN RECHTS wollen ihre <strong>Mahnungen und ihre Argumente un\u00fcberh\u00f6rbar in den \u00f6ffentlichen Diskurs einbringen<\/strong>.<\/p>\n<\/div><\/div>\n\n\n\n<div class=\"wp-block-media-text has-media-on-the-right is-stacked-on-mobile\" style=\"grid-template-columns:auto 31%\"><div class=\"wp-block-media-text__content\">\n<p>Auch die <a href=\"https:\/\/www.omasgegenrechts-dresden.de\/\"><strong>OMAS GEGEN RECHTS.DRESDEN<\/strong><\/a> haben sich mit in die Vorbereitung eingebracht und werden am kommenden Wochenende sowohl <strong>bei den Referaten und Workshops im Erfurter Landtag<\/strong> vertreten sein als auch die <strong>Informationsangebote und Aktionen in der Innenstadt<\/strong> unterst\u00fctzen. Und selbstredend werden sie auch die <a href=\"https:\/\/www.omasgegenrechts-dresden.de\/index.php\/termine\/demo-in-erfurt-demokratie-schuetzen-jetzt\/\" target=\"_blank\" rel=\"noopener\" title=\"\"><strong>gro\u00dfe Erfurter Demo am Samstagnachmittag<\/strong><\/a> bereichern, zu der nicht nur OMAS GEGEN RECHTS aus ganz Deutschland, sondern <strong>alle interessierten Menschen herzlich eingeladen<\/strong> sind.<\/p>\n<\/div><figure class=\"wp-block-media-text__media\"><img loading=\"lazy\" decoding=\"async\" width=\"724\" height=\"1024\" src=\"https:\/\/www.omasgegenrechts-dresden.de\/wp-content\/uploads\/2024\/07\/2024-04-Plakat-A4--724x1024.jpg\" alt=\"\" class=\"wp-image-1759 size-full\" srcset=\"https:\/\/www.omasgegenrechts-dresden.de\/wp-content\/uploads\/2024\/07\/2024-04-Plakat-A4--724x1024.jpg 724w, https:\/\/www.omasgegenrechts-dresden.de\/wp-content\/uploads\/2024\/07\/2024-04-Plakat-A4--212x300.jpg 212w, https:\/\/www.omasgegenrechts-dresden.de\/wp-content\/uploads\/2024\/07\/2024-04-Plakat-A4--768x1086.jpg 768w, https:\/\/www.omasgegenrechts-dresden.de\/wp-content\/uploads\/2024\/07\/2024-04-Plakat-A4--1086x1536.jpg 1086w, https:\/\/www.omasgegenrechts-dresden.de\/wp-content\/uploads\/2024\/07\/2024-04-Plakat-A4--1448x2048.jpg 1448w, https:\/\/www.omasgegenrechts-dresden.de\/wp-content\/uploads\/2024\/07\/2024-04-Plakat-A4--scaled.jpg 1811w\" sizes=\"auto, (max-width: 724px) 100vw, 724px\" \/><\/figure><\/div>\n","protected":false},"excerpt":{"rendered":"<p>Unter dem Motto &#8220;Demokratie sch\u00fctzen \u2013 JETZT!&#8221; findet vom 2. bis 4. August 2024 in Erfurt ein Bundeskongress der OMAS GEGEN RECHTS mit zahlreichen Veranstaltungen im Landtag sowie im Stadtzentrum statt.<\/p>\n","protected":false},"author":4,"featured_media":1761,"comment_status":"closed","ping_status":"closed","sticky":false,"template":"","format":"standard","meta":{"om_disable_all_campaigns":false,"_monsterinsights_skip_tracking":false,"_monsterinsights_sitenote_active":false,"_monsterinsights_sitenote_note":"","_monsterinsights_sitenote_category":0,"footnotes":""},"categories":[10],"tags":[],"class_list":["post-1758","post","type-post","status-publish","format-standard","has-post-thumbnail","hentry","category-aktivitaeten"],"aioseo_notices":[],"_links":{"self":[{"href":"https:\/\/www.omasgegenrechts-dresden.de\/index.php\/wp-json\/wp\/v2\/posts\/1758","targetHints":{"allow":["GET"]}}],"collection":[{"href":"https:\/\/www.omasgegenrechts-dresden.de\/index.php\/wp-json\/wp\/v2\/posts"}],"about":[{"href":"https:\/\/www.omasgegenrechts-dresden.de\/index.php\/wp-json\/wp\/v2\/types\/post"}],"author":[{"embeddable":true,"href":"https:\/\/www.omasgegenrechts-dresden.de\/index.php\/wp-json\/wp\/v2\/users\/4"}],"replies":[{"embeddable":true,"href":"https:\/\/www.omasgegenrechts-dresden.de\/index.php\/wp-json\/wp\/v2\/comments?post=1758"}],"version-history":[{"count":4,"href":"https:\/\/www.omasgegenrechts-dresden.de\/index.php\/wp-json\/wp\/v2\/posts\/1758\/revisions"}],"predecessor-version":[{"id":1764,"href":"https:\/\/www.omasgegenrechts-dresden.de\/index.php\/wp-json\/wp\/v2\/posts\/1758\/revisions\/1764"}],"wp:featuredmedia":[{"embeddable":true,"href":"https:\/\/www.omasgegenrechts-dresden.de\/index.php\/wp-json\/wp\/v2\/media\/1761"}],"wp:attachment":[{"href":"https:\/\/www.omasgegenrechts-dresden.de\/index.php\/wp-json\/wp\/v2\/media?parent=1758"}],"wp:term":[{"taxonomy":"category","embeddable":true,"href":"https:\/\/www.omasgegenrechts-dresden.de\/index.php\/wp-json\/wp\/v2\/categories?post=1758"},{"taxonomy":"post_tag","embeddable":true,"href":"https:\/\/www.omasgegenrechts-dresden.de\/index.php\/wp-json\/wp\/v2\/tags?post=1758"}],"curies":[{"name":"wp","href":"https:\/\/api.w.org\/{rel}","templated":true}]}}