{"id":1771,"date":"2024-08-06T20:13:05","date_gmt":"2024-08-06T18:13:05","guid":{"rendered":"https:\/\/www.omasgegenrechts-dresden.de\/?p=1771"},"modified":"2024-08-06T21:34:16","modified_gmt":"2024-08-06T19:34:16","slug":"resume-zum-bundeskongress-in-erfurt","status":"publish","type":"post","link":"https:\/\/www.omasgegenrechts-dresden.de\/index.php\/2024\/08\/06\/resume-zum-bundeskongress-in-erfurt\/","title":{"rendered":"R\u00e9sum\u00e9 zum Bundeskongress in Erfurt"},"content":{"rendered":"\n<p>Vom 2. bis 4. August trafen sich die OMAS GEGEN RECHTS in Erfurt zum <a href=\"https:\/\/www.omasgegenrechts-dresden.de\/index.php\/2024\/07\/30\/dresdner-omas-gegen-rechts-engagieren-sich-beim-bundeskongress\/\" target=\"_blank\" rel=\"noopener\" title=\"\">Bundeskongress<\/a>, Thema <strong>&#8220;Demokratie gemeinsam sch\u00fctzen: JETZT!&#8221;<\/strong>.<\/p>\n\n\n\n<p>Es kamen etwa 500 Frauen aus Orten in ganz Deutschland, von Schleswig-Holstein bis zum Bodensee, von Dresden bis Aachen. Das war ein tolles WIR-Gef\u00fchl und eine unglaubliche Energie.<\/p>\n\n\n\n<!--more-->\n\n\n\n<p>Eine Vorbereitungsgruppe, an der auch zwei OMAS aus der Dresdner Gruppe beteiligt waren, hat viele Monate gearbeitet. Vielen Dank daf\u00fcr!<\/p>\n\n\n\n<p>Das Programm sah vieles vor: <strong>Kennenlernen und Vernetzung<\/strong> am Freitagabend; <strong>Gru\u00dfworte, Podiumsdiskussion, Workshops, Info-St\u00e4nde <\/strong>und die<strong> gro\u00dfe Demonstration<\/strong> am Samstag; Auswertung und Ringen um eine <a href=\"https:\/\/www.omasgegenrechts-dresden.de\/wp-content\/uploads\/2024\/08\/Abschlusserklaerung-Bundeskongress-OMAS-GEGEN-RECHTS.pdf\" target=\"_blank\" rel=\"noopener\" title=\"\"><strong>Abschlusserkl\u00e4rung<\/strong><\/a> am Sonntag.<\/p>\n\n\n\n<figure class=\"wp-block-gallery has-nested-images columns-default is-cropped wp-block-gallery-1 is-layout-flex wp-block-gallery-is-layout-flex\">\n<figure class=\"wp-block-image size-large\"><img loading=\"lazy\" decoding=\"async\" width=\"1024\" height=\"667\" data-id=\"1779\" src=\"https:\/\/www.omasgegenrechts-dresden.de\/wp-content\/uploads\/2024\/08\/IMG-20240804-WA0000-2-1024x667.jpg\" alt=\"\" class=\"wp-image-1779\" srcset=\"https:\/\/www.omasgegenrechts-dresden.de\/wp-content\/uploads\/2024\/08\/IMG-20240804-WA0000-2-1024x667.jpg 1024w, https:\/\/www.omasgegenrechts-dresden.de\/wp-content\/uploads\/2024\/08\/IMG-20240804-WA0000-2-300x195.jpg 300w, https:\/\/www.omasgegenrechts-dresden.de\/wp-content\/uploads\/2024\/08\/IMG-20240804-WA0000-2-768x500.jpg 768w, https:\/\/www.omasgegenrechts-dresden.de\/wp-content\/uploads\/2024\/08\/IMG-20240804-WA0000-2.jpg 1172w\" sizes=\"auto, (max-width: 1024px) 100vw, 1024px\" \/><\/figure>\n\n\n\n<figure class=\"wp-block-image size-large\"><img loading=\"lazy\" decoding=\"async\" width=\"1024\" height=\"733\" data-id=\"1777\" src=\"https:\/\/www.omasgegenrechts-dresden.de\/wp-content\/uploads\/2024\/08\/2024-08-03-12.16.43-1-1024x733.jpg\" alt=\"\" class=\"wp-image-1777\" srcset=\"https:\/\/www.omasgegenrechts-dresden.de\/wp-content\/uploads\/2024\/08\/2024-08-03-12.16.43-1-1024x733.jpg 1024w, https:\/\/www.omasgegenrechts-dresden.de\/wp-content\/uploads\/2024\/08\/2024-08-03-12.16.43-1-300x215.jpg 300w, https:\/\/www.omasgegenrechts-dresden.de\/wp-content\/uploads\/2024\/08\/2024-08-03-12.16.43-1-768x550.jpg 768w, https:\/\/www.omasgegenrechts-dresden.de\/wp-content\/uploads\/2024\/08\/2024-08-03-12.16.43-1-1536x1099.jpg 1536w, https:\/\/www.omasgegenrechts-dresden.de\/wp-content\/uploads\/2024\/08\/2024-08-03-12.16.43-1-2048x1465.jpg 2048w\" sizes=\"auto, (max-width: 1024px) 100vw, 1024px\" \/><\/figure>\n<\/figure>\n\n\n\n<p>Aus unserer Gruppe waren sieben Frauen dabei, wir versuchten, thematisch nichts auszulassen, uns so viel wie m\u00f6glich einzubringen, auszutauschen, Kontakte zu kn\u00fcpfen, und nat\u00fcrlich sichtbar und laut auf den Erfurter Stra\u00dfen zu sein.<\/p>\n\n\n\n<p>Hier ein paar Erkenntnisse aus den vielen Veranstaltungen:<\/p>\n\n\n\n<ol start=\"1\" class=\"wp-block-list\">\n<li>Die OMAS GEGEN RECHTS, immer erkennbar, konsequent in ihren Zielen, so vielf\u00e4ltig bei ihren Aktionen, sind inzwischen eine Macht: Verb\u00fcndete Kr\u00e4fte sind voller Hochachtung, Gegner sind voller Wut, Gleichg\u00fcltige haben schon mal von ihnen geh\u00f6rt. Darauf k\u00f6nnen wir stolz sein!<\/li>\n\n\n\n<li>Das Engagement der Zivilgesellschaft gegen Rechts und f\u00fcr die Demokratie ist ungeheuer wichtig. Wichtig und legitim ist aber auch, die demokratischen Kr\u00e4fte (also z.B. die Parteien der Ampelregierung) anzutreiben, wenn sie es vers\u00e4umen, ihre Machtmittel gegen Rechts einzusetzen, oder wenn ihre Politik die Gesellschaft spaltet (siehe Schuldenbremse, Abschiebungen oder B\u00fcrgergeld).<\/li>\n\n\n\n<li>Der Kampf gegen die Klimakatastrophe ist so wichtig f\u00fcr eine stabile Demokratie, die OGR sollten sich unbedingt beteiligen \u2013 und das machen wir ja auch! (Aus meiner Sicht trifft das Gleiche auf den Kampf gegen Aufr\u00fcstung und Militarisierung zu, aber das ist bei den OMAS GEGEN RECHTS kein Konsens.)<\/li>\n\n\n\n<li>Wenn in Th\u00fcringen die AfD Machtpositionen bekommt, kann das enorme Folgen z.B. f\u00fcr den \u00f6ffentlich-rechtlichen Rundfunk und die Schulen haben (das w\u00e4re in Sachsen nicht anders). Dann helfen nur noch ziviler Ungehorsam und gegenseitige Unterst\u00fctzung der Betroffenen. Tun wir alles, dass es nicht so weit kommt!<\/li>\n\n\n\n<li>Eins der wirksamsten Mittel im Kampf gegen Rechts ist es, mit Leuten zu reden. Klingt einfach, ist aber schwer &#8211; und auch das machen wir schon!<\/li>\n\n\n\n<li>Die OMAS GEGEN RECHTS m\u00fcssen auf TikTok! Zum Gl\u00fcck gibt es erstaunlich viele, die sich darauf freuen. Schon jetzt haben sich einige aktive OMAS aus ganz Deutschland zusammengeschlossen, um kleine, feine Videos zu posten. Sie bringen mit Spa\u00df und Freude unsere Themen auf diesen Kanal.<\/li>\n<\/ol>\n\n\n\n<div class=\"wp-block-media-text is-stacked-on-mobile\" style=\"grid-template-columns:38% auto\"><figure class=\"wp-block-media-text__media\"><img loading=\"lazy\" decoding=\"async\" width=\"1024\" height=\"811\" src=\"https:\/\/www.omasgegenrechts-dresden.de\/wp-content\/uploads\/2024\/08\/IMG-20240803-WA0004-1024x811.jpg\" alt=\"\" class=\"wp-image-1772 size-full\" srcset=\"https:\/\/www.omasgegenrechts-dresden.de\/wp-content\/uploads\/2024\/08\/IMG-20240803-WA0004-1024x811.jpg 1024w, https:\/\/www.omasgegenrechts-dresden.de\/wp-content\/uploads\/2024\/08\/IMG-20240803-WA0004-300x238.jpg 300w, https:\/\/www.omasgegenrechts-dresden.de\/wp-content\/uploads\/2024\/08\/IMG-20240803-WA0004-768x609.jpg 768w, https:\/\/www.omasgegenrechts-dresden.de\/wp-content\/uploads\/2024\/08\/IMG-20240803-WA0004.jpg 1493w\" sizes=\"auto, (max-width: 1024px) 100vw, 1024px\" \/><\/figure><div class=\"wp-block-media-text__content\">\n<p>Die Demo war eine gro\u00dfe Freude! Sonst sind wir ja immer die kleine Gruppe mit den Schildern, aber hier: <strong>OMAS, wohin man schaute, rufend, singend, pfeifend<\/strong>. Neben uns eine Gruppe junger Leute, auf ihren T-Shirts stand: &#8220;Wenn ich gro\u00df bin, werde ich Oma gegen Rechts.&#8221; Ist das toll?<\/p>\n<\/div><\/div>\n\n\n\n<p>Uta hielt eine <strong>Rede \u00fcber unsere Wahlermutigungen und das Debattentraining<\/strong>, es gab viel Beifall. Hab vielen Dank, Uta!<\/p>\n\n\n\n<div class=\"wp-block-media-text has-media-on-the-right is-stacked-on-mobile\" style=\"grid-template-columns:auto 54%\"><div class=\"wp-block-media-text__content\">\n<p>Samstagabend! Geschafft! Wir lie\u00dfen uns ersch\u00f6pft im Kulturquartier Erfurt nieder. Nachdem <strong>Bier, Bratwurst und eine wunderbare Bigband<\/strong> die Lebensgeister wieder geweckt hatten, f\u00fchrten wir viele sch\u00f6ne Gespr\u00e4che, machten Bekanntschaften, tanzten und waren ziemlich gl\u00fccklich.<\/p>\n<\/div><figure class=\"wp-block-media-text__media\"><img loading=\"lazy\" decoding=\"async\" width=\"1024\" height=\"534\" src=\"https:\/\/www.omasgegenrechts-dresden.de\/wp-content\/uploads\/2024\/08\/2024-08-03-18.20.05-1024x534.jpg\" alt=\"\" class=\"wp-image-1773 size-full\" srcset=\"https:\/\/www.omasgegenrechts-dresden.de\/wp-content\/uploads\/2024\/08\/2024-08-03-18.20.05-1024x534.jpg 1024w, https:\/\/www.omasgegenrechts-dresden.de\/wp-content\/uploads\/2024\/08\/2024-08-03-18.20.05-300x157.jpg 300w, https:\/\/www.omasgegenrechts-dresden.de\/wp-content\/uploads\/2024\/08\/2024-08-03-18.20.05-768x401.jpg 768w, https:\/\/www.omasgegenrechts-dresden.de\/wp-content\/uploads\/2024\/08\/2024-08-03-18.20.05-1536x802.jpg 1536w, https:\/\/www.omasgegenrechts-dresden.de\/wp-content\/uploads\/2024\/08\/2024-08-03-18.20.05-2048x1069.jpg 2048w\" sizes=\"auto, (max-width: 1024px) 100vw, 1024px\" \/><\/figure><\/div>\n\n\n\n<p><strong>Dank an alle, die mit waren, Dank an die Erfurter OMAS!<\/strong><\/p>\n\n\n\n<p>Best\u00e4rkt und ermutigt machen wir weiter mit unserer Arbeit.<\/p>\n\n\n\n<p class=\"has-text-align-right\">Helga<\/p>\n","protected":false},"excerpt":{"rendered":"<p>Vom 2. bis 4. August trafen sich die OMAS GEGEN RECHTS in Erfurt zum Bundeskongress, Thema &#8220;Demokratie gemeinsam sch\u00fctzen: JETZT!&#8221;. Es kamen etwa 500 Frauen aus Orten in ganz Deutschland, von Schleswig-Holstein bis zum Bodensee, von Dresden bis Aachen. Das war ein tolles WIR-Gef\u00fchl und eine unglaubliche Energie.<\/p>\n","protected":false},"author":1,"featured_media":1784,"comment_status":"closed","ping_status":"closed","sticky":false,"template":"","format":"standard","meta":{"om_disable_all_campaigns":false,"_monsterinsights_skip_tracking":false,"_monsterinsights_sitenote_active":false,"_monsterinsights_sitenote_note":"","_monsterinsights_sitenote_category":0,"footnotes":""},"categories":[10],"tags":[],"class_list":["post-1771","post","type-post","status-publish","format-standard","has-post-thumbnail","hentry","category-aktivitaeten"],"aioseo_notices":[],"_links":{"self":[{"href":"https:\/\/www.omasgegenrechts-dresden.de\/index.php\/wp-json\/wp\/v2\/posts\/1771","targetHints":{"allow":["GET"]}}],"collection":[{"href":"https:\/\/www.omasgegenrechts-dresden.de\/index.php\/wp-json\/wp\/v2\/posts"}],"about":[{"href":"https:\/\/www.omasgegenrechts-dresden.de\/index.php\/wp-json\/wp\/v2\/types\/post"}],"author":[{"embeddable":true,"href":"https:\/\/www.omasgegenrechts-dresden.de\/index.php\/wp-json\/wp\/v2\/users\/1"}],"replies":[{"embeddable":true,"href":"https:\/\/www.omasgegenrechts-dresden.de\/index.php\/wp-json\/wp\/v2\/comments?post=1771"}],"version-history":[{"count":5,"href":"https:\/\/www.omasgegenrechts-dresden.de\/index.php\/wp-json\/wp\/v2\/posts\/1771\/revisions"}],"predecessor-version":[{"id":1791,"href":"https:\/\/www.omasgegenrechts-dresden.de\/index.php\/wp-json\/wp\/v2\/posts\/1771\/revisions\/1791"}],"wp:featuredmedia":[{"embeddable":true,"href":"https:\/\/www.omasgegenrechts-dresden.de\/index.php\/wp-json\/wp\/v2\/media\/1784"}],"wp:attachment":[{"href":"https:\/\/www.omasgegenrechts-dresden.de\/index.php\/wp-json\/wp\/v2\/media?parent=1771"}],"wp:term":[{"taxonomy":"category","embeddable":true,"href":"https:\/\/www.omasgegenrechts-dresden.de\/index.php\/wp-json\/wp\/v2\/categories?post=1771"},{"taxonomy":"post_tag","embeddable":true,"href":"https:\/\/www.omasgegenrechts-dresden.de\/index.php\/wp-json\/wp\/v2\/tags?post=1771"}],"curies":[{"name":"wp","href":"https:\/\/api.w.org\/{rel}","templated":true}]}}