{"id":2187,"date":"2025-01-15T21:19:01","date_gmt":"2025-01-15T20:19:01","guid":{"rendered":"https:\/\/www.omasgegenrechts-dresden.de\/?p=2187"},"modified":"2025-01-15T21:22:10","modified_gmt":"2025-01-15T20:22:10","slug":"das-war-sie-unsere-erste-aktion-zur-wahlermutigung","status":"publish","type":"post","link":"https:\/\/www.omasgegenrechts-dresden.de\/index.php\/2025\/01\/15\/das-war-sie-unsere-erste-aktion-zur-wahlermutigung\/","title":{"rendered":"Das war sie &#8211; unsere erste Aktion zur Wahlermutigung"},"content":{"rendered":"\n<p>Wie bereits unter <a href=\"https:\/\/www.omasgegenrechts-dresden.de\/index.php\/2024\/12\/18\/auf-ein-neues-wahlermutigung-2025\/\">Auf ein Neues \u2013 Wahlermutigung 2025<\/a> angek\u00fcndigt, sind wir wieder unterwegs &#8211; sichtbar auf Dresdens Stra\u00dfen und Pl\u00e4tzen, um mit den Menschen ins Gespr\u00e4ch zu kommen. <\/p>\n\n\n\n<!--more-->\n\n\n\n<div class=\"wp-block-media-text is-stacked-on-mobile\" style=\"grid-template-columns:46% auto\"><figure class=\"wp-block-media-text__media\"><img loading=\"lazy\" decoding=\"async\" width=\"909\" height=\"817\" src=\"https:\/\/www.omasgegenrechts-dresden.de\/wp-content\/uploads\/2025\/01\/signal-2025-01-15-140038_002-1.jpeg\" alt=\"\" class=\"wp-image-2193 size-full\" srcset=\"https:\/\/www.omasgegenrechts-dresden.de\/wp-content\/uploads\/2025\/01\/signal-2025-01-15-140038_002-1.jpeg 909w, https:\/\/www.omasgegenrechts-dresden.de\/wp-content\/uploads\/2025\/01\/signal-2025-01-15-140038_002-1-300x270.jpeg 300w, https:\/\/www.omasgegenrechts-dresden.de\/wp-content\/uploads\/2025\/01\/signal-2025-01-15-140038_002-1-768x690.jpeg 768w\" sizes=\"auto, (max-width: 909px) 100vw, 909px\" \/><\/figure><div class=\"wp-block-media-text__content\">\n<p>Unsere erste Wahlermutigungskundgebung zur <a href=\"https:\/\/www.bundestag.de\/wahl\" target=\"_blank\" rel=\"noopener\" title=\"\">Bundestagswahl <\/a>am B\u00f6nischplatz war feucht und kalt. Die meisten Menschen hatten es eilig, zum Markt, zum Bus, nach Hause\u2026 Aber wir hielten tapfer durch im Spr\u00fchregen und erlebten wieder ein breites Spektrum von Reaktionen. Von &#8220;Mit euch rede ich nicht&#8221; bis &#8220;Gut, dass es euch gibt&#8221;, vom kurzen &#8220;Daumen hoch&#8221; bis zum ausf\u00fchrlichen Gespr\u00e4ch war alles dabei. <\/p>\n<\/div><\/div>\n\n\n\n<p>Wir sind froh, dass wir gestartet sind, trotz des ungem\u00fctlich Wetters. Dank an Edelgard f\u00fcr den hei\u00dfen Tee und an Petra f\u00fcr die Kekse. Ganz herzlichen Dank an den Studenten f\u00fcr die gro\u00dfz\u00fcgige Spende, an den jungen Mann f\u00fcr seinen Literatur-Hinweis und an die Mit-OMAs, die fr\u00fcher gekommen sind als geplant und sp\u00e4ter gegangen, damit wir nicht in Unterzahl gerieten. <\/p>\n\n\n\n<p>Ermutigt sehen wir somit unserer zweiten Ermutigungskundgebung n\u00e4chste Woche entgegen.<\/p>\n","protected":false},"excerpt":{"rendered":"<p>Wie bereits unter Auf ein Neues \u2013 Wahlermutigung 2025 angek\u00fcndigt, sind wir wieder unterwegs &#8211; sichtbar auf Dresdens Stra\u00dfen und Pl\u00e4tzen, um mit den Menschen ins Gespr\u00e4ch zu kommen.<\/p>\n","protected":false},"author":1,"featured_media":2190,"comment_status":"closed","ping_status":"closed","sticky":false,"template":"","format":"standard","meta":{"om_disable_all_campaigns":false,"_monsterinsights_skip_tracking":false,"_monsterinsights_sitenote_active":false,"_monsterinsights_sitenote_note":"","_monsterinsights_sitenote_category":0,"footnotes":""},"categories":[10],"tags":[],"class_list":["post-2187","post","type-post","status-publish","format-standard","has-post-thumbnail","hentry","category-aktivitaeten"],"aioseo_notices":[],"_links":{"self":[{"href":"https:\/\/www.omasgegenrechts-dresden.de\/index.php\/wp-json\/wp\/v2\/posts\/2187","targetHints":{"allow":["GET"]}}],"collection":[{"href":"https:\/\/www.omasgegenrechts-dresden.de\/index.php\/wp-json\/wp\/v2\/posts"}],"about":[{"href":"https:\/\/www.omasgegenrechts-dresden.de\/index.php\/wp-json\/wp\/v2\/types\/post"}],"author":[{"embeddable":true,"href":"https:\/\/www.omasgegenrechts-dresden.de\/index.php\/wp-json\/wp\/v2\/users\/1"}],"replies":[{"embeddable":true,"href":"https:\/\/www.omasgegenrechts-dresden.de\/index.php\/wp-json\/wp\/v2\/comments?post=2187"}],"version-history":[{"count":4,"href":"https:\/\/www.omasgegenrechts-dresden.de\/index.php\/wp-json\/wp\/v2\/posts\/2187\/revisions"}],"predecessor-version":[{"id":2194,"href":"https:\/\/www.omasgegenrechts-dresden.de\/index.php\/wp-json\/wp\/v2\/posts\/2187\/revisions\/2194"}],"wp:featuredmedia":[{"embeddable":true,"href":"https:\/\/www.omasgegenrechts-dresden.de\/index.php\/wp-json\/wp\/v2\/media\/2190"}],"wp:attachment":[{"href":"https:\/\/www.omasgegenrechts-dresden.de\/index.php\/wp-json\/wp\/v2\/media?parent=2187"}],"wp:term":[{"taxonomy":"category","embeddable":true,"href":"https:\/\/www.omasgegenrechts-dresden.de\/index.php\/wp-json\/wp\/v2\/categories?post=2187"},{"taxonomy":"post_tag","embeddable":true,"href":"https:\/\/www.omasgegenrechts-dresden.de\/index.php\/wp-json\/wp\/v2\/tags?post=2187"}],"curies":[{"name":"wp","href":"https:\/\/api.w.org\/{rel}","templated":true}]}}