{"id":2198,"date":"2025-01-18T22:18:47","date_gmt":"2025-01-18T21:18:47","guid":{"rendered":"https:\/\/www.omasgegenrechts-dresden.de\/?p=2198"},"modified":"2025-01-19T09:41:53","modified_gmt":"2025-01-19T08:41:53","slug":"omas-gegen-rechts-im-wahlkampfmodus-bundesweiter-aktionstag-am-8-februar","status":"publish","type":"post","link":"https:\/\/www.omasgegenrechts-dresden.de\/index.php\/2025\/01\/18\/omas-gegen-rechts-im-wahlkampfmodus-bundesweiter-aktionstag-am-8-februar\/","title":{"rendered":"OMAS GEGEN RECHTS im Wahlkampfmodus &#8211; Bundesweiter Aktionstag am 8. Februar"},"content":{"rendered":"\n<p>Die OMAS GEGEN RECHTS z\u00e4hlen zu den bekanntesten und gr\u00f6\u00dften Initiativen f\u00fcr Demokratie. Klar, dass sie im aktuellen Wahlkampf ihre Stimme erheben. Hunderte Frauen aus weit \u00fcber 200 lokalen und regionalen OMA-Gruppen sind in diesen Wochen bei Wind, Wetter und K\u00e4lte auf Pl\u00e4tzen und Stra\u00dfen unterwegs mit ihrer Mahnung gegen Rechtsextremismus und ihrem leidenschaftlichen Aufruf, zu w\u00e4hlen &#8211; und zwar demokratisch.<\/p>\n\n\n\n<!--more-->\n\n\n\n<p>Der Hauptaktionstag wird der 8. Februar sein. B\u00fcrgerinnen und B\u00fcrger werden die OMAS in den Innenst\u00e4dten zwischen Kiel und Konstanz, zwischen Euskirchen und Dresden in besonders kreativer Laune erleben: Mahnwachen, Sternm\u00e4rsche und Menschenketten werden un\u00fcbersehbar sein. Flashmobs, Chorauftritte und Kulturfeste werden auch etwas \u201ef\u00fcr die Ohren\u201c bieten.<\/p>\n\n\n\n<p>Wir OMAS GEGEN RECHTS.DRESDEN werden diesen Appell am 8. Februar mit einer unserer <a href=\"https:\/\/www.omasgegenrechts-dresden.de\/index.php\/2024\/12\/18\/auf-ein-neues-wahlermutigung-2025\/\" target=\"_blank\" rel=\"noopener\" title=\"\">Aktionen zur Wahlermutigung<\/a> unterstreichen. <\/p>\n","protected":false},"excerpt":{"rendered":"<p>Die OMAS GEGEN RECHTS z\u00e4hlen zu den bekanntesten und gr\u00f6\u00dften Initiativen f\u00fcr Demokratie. Klar, dass sie im aktuellen Wahlkampf ihre Stimme erheben. Hunderte Frauen aus weit \u00fcber 200 lokalen und regionalen OMA-Gruppen sind in diesen Wochen bei Wind, Wetter und K\u00e4lte auf Pl\u00e4tzen und Stra\u00dfen unterwegs mit ihrer Mahnung gegen Rechtsextremismus und ihrem leidenschaftlichen Aufruf, zu w\u00e4hlen &#8211; und zwar<\/p>\n","protected":false},"author":1,"featured_media":2213,"comment_status":"closed","ping_status":"closed","sticky":false,"template":"","format":"standard","meta":{"om_disable_all_campaigns":false,"_monsterinsights_skip_tracking":false,"_monsterinsights_sitenote_active":false,"_monsterinsights_sitenote_note":"","_monsterinsights_sitenote_category":0,"footnotes":""},"categories":[10],"tags":[],"class_list":["post-2198","post","type-post","status-publish","format-standard","has-post-thumbnail","hentry","category-aktivitaeten"],"aioseo_notices":[],"_links":{"self":[{"href":"https:\/\/www.omasgegenrechts-dresden.de\/index.php\/wp-json\/wp\/v2\/posts\/2198","targetHints":{"allow":["GET"]}}],"collection":[{"href":"https:\/\/www.omasgegenrechts-dresden.de\/index.php\/wp-json\/wp\/v2\/posts"}],"about":[{"href":"https:\/\/www.omasgegenrechts-dresden.de\/index.php\/wp-json\/wp\/v2\/types\/post"}],"author":[{"embeddable":true,"href":"https:\/\/www.omasgegenrechts-dresden.de\/index.php\/wp-json\/wp\/v2\/users\/1"}],"replies":[{"embeddable":true,"href":"https:\/\/www.omasgegenrechts-dresden.de\/index.php\/wp-json\/wp\/v2\/comments?post=2198"}],"version-history":[{"count":4,"href":"https:\/\/www.omasgegenrechts-dresden.de\/index.php\/wp-json\/wp\/v2\/posts\/2198\/revisions"}],"predecessor-version":[{"id":2214,"href":"https:\/\/www.omasgegenrechts-dresden.de\/index.php\/wp-json\/wp\/v2\/posts\/2198\/revisions\/2214"}],"wp:featuredmedia":[{"embeddable":true,"href":"https:\/\/www.omasgegenrechts-dresden.de\/index.php\/wp-json\/wp\/v2\/media\/2213"}],"wp:attachment":[{"href":"https:\/\/www.omasgegenrechts-dresden.de\/index.php\/wp-json\/wp\/v2\/media?parent=2198"}],"wp:term":[{"taxonomy":"category","embeddable":true,"href":"https:\/\/www.omasgegenrechts-dresden.de\/index.php\/wp-json\/wp\/v2\/categories?post=2198"},{"taxonomy":"post_tag","embeddable":true,"href":"https:\/\/www.omasgegenrechts-dresden.de\/index.php\/wp-json\/wp\/v2\/tags?post=2198"}],"curies":[{"name":"wp","href":"https:\/\/api.w.org\/{rel}","templated":true}]}}