{"id":2464,"date":"2025-05-25T16:33:43","date_gmt":"2025-05-25T14:33:43","guid":{"rendered":"https:\/\/www.omasgegenrechts-dresden.de\/?p=2464"},"modified":"2025-05-25T17:01:29","modified_gmt":"2025-05-25T15:01:29","slug":"omas-beim-politischen-nachtgebet","status":"publish","type":"post","link":"https:\/\/www.omasgegenrechts-dresden.de\/index.php\/2025\/05\/25\/omas-beim-politischen-nachtgebet\/","title":{"rendered":"OMAS beim Politischen Nachtgebet"},"content":{"rendered":"\n<p>Am Freitag fand in der\u00a0<a href=\"https:\/\/www.kirche-weisser-hirsch.de\/\" target=\"_blank\" rel=\"noreferrer noopener\">Kirchgemeinde Dresden Bad Wei\u00dfer Hirsch<\/a> das <a href=\"https:\/\/www.omasgegenrechts-dresden.de\/index.php\/termine\/politisches-nachtgebet-mit-den-omas-gegen-rechts\/\" target=\"_blank\" rel=\"noopener\" title=\"\">Politische Nachtgebet mit den OMAS GEGEN RECHTS<\/a> statt. Vier unserer OMAS berichteten \u00fcber Motive, Aktionen und Erfahrungen unserer Gruppe und ermutigten dazu, Haltung gegen Rechts zu zeigen \u2013 und dabei freundlich, offen und gespr\u00e4chsf\u00e4hig zu bleiben. Nachfolgend die Impressionen einer mitwirkenden und einer nicht minder aufmerksamen OMA aus dem Publikum.<\/p>\n\n\n\n<!--more-->\n\n\n\n<hr class=\"wp-block-separator has-alpha-channel-opacity\"\/>\n\n\n\n<p>In der Bibel werden die OMAS GEGEN RECHTS nicht erw\u00e4hnt. Nur Gro\u00dfm\u00fctter (im Ansatz) und die Worte \u201eRecht\u201c und \u201egegen\u201c kommen an verschiedenen Stellen vor \u2013 f\u00fchrte der Pfarrer unseren Abend ein.<\/p>\n\n\n\n<p>Kann man so stehen lassen.<\/p>\n\n\n\n<p>Die Menschen, die kamen, wollten wissen, was wir tun, warum wir es tun und wie wir agieren. Und w\u00e4hrend wir berichteten, merkten wir wieder einmal, was wir eigentlich leisten, in welchen wichtigen politischen Angelegenheiten wir unterwegs sind und dass unsere niedrigschwelligen Gespr\u00e4chsangebote genau das sind, was in unserer Gesellschaft n\u00f6tig ist. Klar geworden ist uns wieder, wie n\u00f6tig das Sprechen ist und wie wichtig, das Sprechen miteinander zu \u00fcben.<\/p>\n\n\n\n<p>Im Publikumsgespr\u00e4ch konnten wir das auch gleich pr\u00e4sentieren \u2013 es ist uns allen gelungen, in Ruhe und mit Witz auf die Publikumsfragen einzugehen. In diesem Rahmen fiel das nat\u00fcrlich nicht sehr schwer, in erster Linie wurde uns mit gro\u00dfer Wertsch\u00e4tzung begegnet. Das tut wirklich sehr gut.<\/p>\n\n\n\n<p>Doch auch kritische und forschende Fragen gab es und ich bin sehr stolz darauf, dass wir alle ohne Unterstellungen in Ruhe und professionell auch diese Fragen beantworten konnten.<\/p>\n\n\n\n<p><a href=\"https:\/\/www.omasgegenrechts-dresden.de\/index.php\/2024\/07\/26\/omas-und-debattentraining-passt-das-zusammen\/\" target=\"_blank\" rel=\"noopener\" title=\"\">Debattentraining<\/a> zahlt sich aus \u2013 bleiben wir dran.<\/p>\n\n\n\n<p>Und auch wenn wir nicht in der Bibel vorkommen \u2013 in den aktuellen Debatten sind wir pr\u00e4sent. Das ist f\u00fcr mich gerade viel wichtiger\u2026<\/p>\n\n\n\n<p class=\"has-text-align-right\">Claudia<\/p>\n\n\n\n<hr class=\"wp-block-separator has-alpha-channel-opacity\"\/>\n\n\n\n<p>Das politische Nachtgebet auf dem Wei\u00dfen Hirsch war eine wunderbare Veranstaltung und eine gro\u00dfartige Gelegenheit, die OMAS und ihr Wirken einer weitgehend christlichen Community vorzustellen. Die Kirche war voll und es kamen viele interessierte Nachfragen, wie zum Beispiel:<\/p>\n\n\n\n<ul class=\"wp-block-list\">\n<li>Seid ihr immer einer Meinung oder wie findet Meinungsbildung bei euch statt? <\/li>\n\n\n\n<li>Bekommt ihr irgendeine finanzielle Unterst\u00fctzung? <\/li>\n\n\n\n<li>Worin besteht euer Ziel? <\/li>\n\n\n\n<li>Wie geht ihr mit Provokationen um? <\/li>\n\n\n\n<li>Glaubt ihr, dass eure Mahnwachen etwas n\u00fctzen? <\/li>\n\n\n\n<li>Wie soll und kann Frieden hergestellt werden?<\/li>\n<\/ul>\n\n\n\n<p>Aber auch dezidiertere, wie: <\/p>\n\n\n\n<ul class=\"wp-block-list\">\n<li>Wie steht ihr zu Atomwaffen in Deutschland? <\/li>\n\n\n\n<li>Warum seid ihr nicht auch gegen Links?<\/li>\n<\/ul>\n\n\n\n<p>Kurz, es kam alles zur Sprache, was das Publikum schon immer einmal \u00fcber die OMAS wissen wollte und es war ein sehr lebendiger Abend, verbunden auch mit gro\u00dfem Dank und Anerkennung f\u00fcr das, was wir tun. Die vier uns vertretenden OMAS kamen authentisch, aber auch sehr professionell r\u00fcber! Vielen Dank!<\/p>\n\n\n\n<p>Allerdings, und das sei noch angemerkt: Dass das <a href=\"https:\/\/greven-archiv-digital.de\/themenwelt\/politisches-nachtgebet-in-der-antoniterkirche\" target=\"_blank\" rel=\"noopener\" title=\"\">politische Nachtgebet<\/a> im Sinne seiner Gr\u00fcnderin, der Theologin <a href=\"https:\/\/de.wikipedia.org\/wiki\/Dorothee_S%C3%B6lle\" target=\"_blank\" rel=\"noopener\" title=\"\">Dorothee S\u00f6lle<\/a>, dann doch noch seinem Anspruch gerecht wurde, war am Schluss unserer OMA Monika zu verdanken. In K\u00f6ln endete das politische Nachgebet seinerzeit immer mit einem Aufruf zur Aktion, zu konkreten Handlungsimpulsen, um nicht in Kritik und folgenlosen allgemeinen Aufrufen steckenzubleiben. Monika forderte daher die Anwesenden auf, die grassierende Vereinzelung und das Stillhalten aufzubrechen, sich zusammenzutun, Mut zu fassen und Menschen anzusprechen, ihnen zuzuh\u00f6ren und gleichzeitig Haltung zu zeigen.<\/p>\n\n\n\n<p class=\"has-text-align-right\">Sigrid<\/p>\n","protected":false},"excerpt":{"rendered":"<p>Am Freitag fand in der\u00a0Kirchgemeinde Dresden Bad Wei\u00dfer Hirsch das Politische Nachtgebet mit den OMAS GEGEN RECHTS statt. Vier unserer OMAS berichteten \u00fcber Motive, Aktionen und Erfahrungen unserer Gruppe und ermutigten dazu, Haltung gegen Rechts zu zeigen \u2013 und dabei freundlich, offen und gespr\u00e4chsf\u00e4hig zu bleiben. Nachfolgend die Impressionen einer mitwirkenden und einer nicht minder aufmerksamen OMA aus dem Publikum.<\/p>\n","protected":false},"author":1,"featured_media":2471,"comment_status":"closed","ping_status":"closed","sticky":false,"template":"","format":"standard","meta":{"om_disable_all_campaigns":false,"_monsterinsights_skip_tracking":false,"_monsterinsights_sitenote_active":false,"_monsterinsights_sitenote_note":"","_monsterinsights_sitenote_category":0,"footnotes":""},"categories":[10],"tags":[],"class_list":["post-2464","post","type-post","status-publish","format-standard","has-post-thumbnail","hentry","category-aktivitaeten"],"aioseo_notices":[],"_links":{"self":[{"href":"https:\/\/www.omasgegenrechts-dresden.de\/index.php\/wp-json\/wp\/v2\/posts\/2464","targetHints":{"allow":["GET"]}}],"collection":[{"href":"https:\/\/www.omasgegenrechts-dresden.de\/index.php\/wp-json\/wp\/v2\/posts"}],"about":[{"href":"https:\/\/www.omasgegenrechts-dresden.de\/index.php\/wp-json\/wp\/v2\/types\/post"}],"author":[{"embeddable":true,"href":"https:\/\/www.omasgegenrechts-dresden.de\/index.php\/wp-json\/wp\/v2\/users\/1"}],"replies":[{"embeddable":true,"href":"https:\/\/www.omasgegenrechts-dresden.de\/index.php\/wp-json\/wp\/v2\/comments?post=2464"}],"version-history":[{"count":9,"href":"https:\/\/www.omasgegenrechts-dresden.de\/index.php\/wp-json\/wp\/v2\/posts\/2464\/revisions"}],"predecessor-version":[{"id":2483,"href":"https:\/\/www.omasgegenrechts-dresden.de\/index.php\/wp-json\/wp\/v2\/posts\/2464\/revisions\/2483"}],"wp:featuredmedia":[{"embeddable":true,"href":"https:\/\/www.omasgegenrechts-dresden.de\/index.php\/wp-json\/wp\/v2\/media\/2471"}],"wp:attachment":[{"href":"https:\/\/www.omasgegenrechts-dresden.de\/index.php\/wp-json\/wp\/v2\/media?parent=2464"}],"wp:term":[{"taxonomy":"category","embeddable":true,"href":"https:\/\/www.omasgegenrechts-dresden.de\/index.php\/wp-json\/wp\/v2\/categories?post=2464"},{"taxonomy":"post_tag","embeddable":true,"href":"https:\/\/www.omasgegenrechts-dresden.de\/index.php\/wp-json\/wp\/v2\/tags?post=2464"}],"curies":[{"name":"wp","href":"https:\/\/api.w.org\/{rel}","templated":true}]}}