{"id":3007,"date":"2026-01-23T20:53:50","date_gmt":"2026-01-23T19:53:50","guid":{"rendered":"https:\/\/www.omasgegenrechts-dresden.de\/?p=3007"},"modified":"2026-01-23T21:07:26","modified_gmt":"2026-01-23T20:07:26","slug":"omas-in-der-schule","status":"publish","type":"post","link":"https:\/\/www.omasgegenrechts-dresden.de\/index.php\/2026\/01\/23\/omas-in-der-schule\/","title":{"rendered":"OMAS in der Schule"},"content":{"rendered":"\n<p>Was haben denn OMAS in der Schule zu suchen? Ganz viel! Gerade in einer Zeit, in der die freiheitlich\u2011demokratische Grundordnung und ihre Werte zunehmend herausgefordert werden, sehen wir es als wichtige Aufgabe,  jungen Menschen demokratische Werte anschaulich erlebbar zu machen und den Heranwachsenden zu zeigen, wie zivilgesellschaftliches Engagement konkret aussehen kann.&nbsp;<\/p>\n\n\n\n<!--more-->\n\n\n\n<p>Deshalb hat sich bei uns auch eine &#8220;Arbeitsgruppe Schulen&#8221; gebildet, die sich genau dieser Aufgabe widmet und als Einstieg einen Workshop &#8220;No hate \u2013 Debate&#8221; f\u00fcr Dresdens Oberschulen anbietet. Davon unbesehen flatterte bei uns Ende letzten Jahres eine Anfrage von einem Dresdner Gymnasium herein, ob wir unsere Arbeit im Rahmen des Projektunterrichtes zum Thema &#8220;Perspektivwechsel der Generationen&#8221; vorstellen k\u00f6nnten. Dieser Einladung kamen wir nat\u00fcrlich sehr gern nach! Unsere &#8220;Schul-OMAS&#8221; Annemone und Gabriele waren vor Ort und berichten von ihren sehr interessanten Erlebnissen.<\/p>\n\n\n\n<hr class=\"wp-block-separator has-alpha-channel-opacity\"\/>\n\n\n\n<p>Am 17.12.2025 trafen wir im Gymnasium auf 13 Sch\u00fclerinnen und Sch\u00fcler (SuS), eine Lehrerin und eine Sozialp\u00e4dagogin. Die SuS waren zwischen 14 und 16 Jahren alt und stammten aus verschiedenen 8. Klassen des Gymnasiums.<\/p>\n\n\n\n<p>Ausgangspunkt war eine Projektarbeit zum Thema &#8220;Alter&#8221;. In dem Zusammenhang hatten die SuS schon eine Pflegeeinrichtung besucht und sich \u00fcber eher negative Auswirkungen des Alters, wie Pflegebed\u00fcrftigkeit, Immobilit\u00e4t, gesundheitliche Einschr\u00e4nkungen und Demenz informiert. Wir OMAS GEGEN RECHTS stellten nun sozusagen den Gegenpart \u2013 den der &#8220;aktiven Alten&#8221; \u2013 dar. Es ging darum, darzustellen, warum wir uns engagieren, warum wir auch politisch aktiv sind, wof\u00fcr wir stehen, was wir erreichen oder eben auch nicht erreichen, und was das mit uns macht.<\/p>\n\n\n\n<p>Nach einer kurzen Vorstellung spielten wir ihnen als Diskussionseinstieg und Angebot unsere Stra\u00dfenbahnszene vor, die wir f\u00fcr unseren Bildungs-Workshop &#8220;No Hate \u2013 Debate&#8221; kreiert haben. Dabei spielt Gabi eine OMA GEGEN RECHTS und wird deshalb von mir verbal angegriffen und beleidigt. \u00dcber die Fragen &#8220;Wie habt ihr euch dabei gef\u00fchlt?&#8221;, &#8220;Habt ihr so etwas \u00c4hnliches schon mal erlebt?&#8221; kamen wir ins Gespr\u00e4ch.<\/p>\n\n\n\n<p>Mittels <a href=\"https:\/\/www.omasgegenrechts-dresden.de\/\" target=\"_blank\" rel=\"noopener\" title=\"\">unserer Website<\/a> informierten wir \u00fcber unsere Arbeit. Dabei kamen dann sehr interessante, aber auch sehr nachdenklich stimmende Fragen auf, wie z.B. <\/p>\n\n\n\n<ul class=\"wp-block-list\">\n<li>&#8220;Welche Nationalit\u00e4ten werden nach Machtantritt der AfD zuerst abgeschoben?&#8221;,<\/li>\n\n\n\n<li>&#8220;Wie viele Generationen m\u00fcssen hier gelebt haben, damit man als Deutsch gilt?&#8221;<\/li>\n\n\n\n<li>Oder bei der Frage nach den eigenen Zukunftspl\u00e4nen kam auch: &#8220;Man wei\u00df gar nicht, was man jetzt am besten studiert oder ob man nicht lieber ein duales Studium macht&#8230;&#8221;<\/li>\n\n\n\n<li>&#8220;Wie war das damals mit den Juden \u2013 und kann das jetzt mit den Migranten, vor allem den Muslimen, auch passieren?&#8221;<\/li>\n<\/ul>\n\n\n\n<p>Gabi fragte, ob denn zu Hause dar\u00fcber gesprochen wird, die Antwort war &#8220;eher wenig&#8221;, bzw. nur bei wenigen.<\/p>\n\n\n\n<figure class=\"wp-block-gallery has-nested-images columns-default wp-block-gallery-1 is-layout-flex wp-block-gallery-is-layout-flex\">\n<figure class=\"wp-block-image size-large\"><img loading=\"lazy\" decoding=\"async\" width=\"1024\" height=\"918\" data-id=\"3030\" src=\"https:\/\/www.omasgegenrechts-dresden.de\/wp-content\/uploads\/2026\/01\/IMG_1966-1024x918.jpeg\" alt=\"\" class=\"wp-image-3030\" srcset=\"https:\/\/www.omasgegenrechts-dresden.de\/wp-content\/uploads\/2026\/01\/IMG_1966-1024x918.jpeg 1024w, https:\/\/www.omasgegenrechts-dresden.de\/wp-content\/uploads\/2026\/01\/IMG_1966-300x269.jpeg 300w, https:\/\/www.omasgegenrechts-dresden.de\/wp-content\/uploads\/2026\/01\/IMG_1966-768x688.jpeg 768w, https:\/\/www.omasgegenrechts-dresden.de\/wp-content\/uploads\/2026\/01\/IMG_1966-1536x1377.jpeg 1536w, https:\/\/www.omasgegenrechts-dresden.de\/wp-content\/uploads\/2026\/01\/IMG_1966-2048x1836.jpeg 2048w\" sizes=\"auto, (max-width: 1024px) 100vw, 1024px\" \/><\/figure>\n\n\n\n<figure class=\"wp-block-image size-large\"><img loading=\"lazy\" decoding=\"async\" width=\"1024\" height=\"768\" data-id=\"3031\" src=\"https:\/\/www.omasgegenrechts-dresden.de\/wp-content\/uploads\/2026\/01\/IMG_1964-1024x768.jpeg\" alt=\"\" class=\"wp-image-3031\" srcset=\"https:\/\/www.omasgegenrechts-dresden.de\/wp-content\/uploads\/2026\/01\/IMG_1964-1024x768.jpeg 1024w, https:\/\/www.omasgegenrechts-dresden.de\/wp-content\/uploads\/2026\/01\/IMG_1964-300x225.jpeg 300w, https:\/\/www.omasgegenrechts-dresden.de\/wp-content\/uploads\/2026\/01\/IMG_1964-768x576.jpeg 768w, https:\/\/www.omasgegenrechts-dresden.de\/wp-content\/uploads\/2026\/01\/IMG_1964-1536x1152.jpeg 1536w, https:\/\/www.omasgegenrechts-dresden.de\/wp-content\/uploads\/2026\/01\/IMG_1964-2048x1536.jpeg 2048w\" sizes=\"auto, (max-width: 1024px) 100vw, 1024px\" \/><\/figure>\n<\/figure>\n\n\n\n<p>Unser <a href=\"https:\/\/www.omasgegenrechts-dresden.de\/index.php\/2024\/04\/17\/nun-wirds-ernst-wahlermutigungskundgebungen-gehen-live\/\" target=\"_blank\" rel=\"noopener\" title=\"\">Gl\u00fccksrad<\/a> sorgte dann f\u00fcr weiteren Gespr\u00e4chsstoff und auch das <a href=\"https:\/\/www.omasgegenrechts-dresden.de\/index.php\/2023\/03\/11\/oma-memory-mit-witz-und-format\/\" target=\"_blank\" rel=\"noopener\" title=\"\">OMA-Memory<\/a> kam zum Einsatz \u2013 und nat\u00fcrlich wurden Gabis Kekse mit OMA-Aufdruck verspeist.<\/p>\n\n\n\n<p>Zum Schluss schrieben die SuS auf, welche Bedeutung Demokratie f\u00fcr sie hat:<\/p>\n\n\n\n<figure class=\"wp-block-image size-full\"><img loading=\"lazy\" decoding=\"async\" width=\"989\" height=\"460\" src=\"https:\/\/www.omasgegenrechts-dresden.de\/wp-content\/uploads\/2026\/01\/Wortwolke.png\" alt=\"\" class=\"wp-image-3010\" srcset=\"https:\/\/www.omasgegenrechts-dresden.de\/wp-content\/uploads\/2026\/01\/Wortwolke.png 989w, https:\/\/www.omasgegenrechts-dresden.de\/wp-content\/uploads\/2026\/01\/Wortwolke-300x140.png 300w, https:\/\/www.omasgegenrechts-dresden.de\/wp-content\/uploads\/2026\/01\/Wortwolke-768x357.png 768w\" sizes=\"auto, (max-width: 989px) 100vw, 989px\" \/><\/figure>\n\n\n\n<p>Wir hoffen, dass den SuS diese Begegnung genausoviel Spa\u00df gemacht hat wie uns und sind zuversichtlich, dass sie auch etwas daraus mitgenommen haben.<\/p>\n\n\n\n<p class=\"has-text-align-right\">Annemone<\/p>\n","protected":false},"excerpt":{"rendered":"<p>Was haben denn OMAS in der Schule zu suchen? Ganz viel! Gerade in einer Zeit, in der die freiheitlich\u2011demokratische Grundordnung und ihre Werte zunehmend herausgefordert werden, sehen wir es als wichtige Aufgabe, jungen Menschen demokratische Werte anschaulich erlebbar zu machen und den Heranwachsenden zu zeigen, wie zivilgesellschaftliches Engagement konkret aussehen kann.&nbsp;<\/p>\n","protected":false},"author":1,"featured_media":3033,"comment_status":"closed","ping_status":"closed","sticky":false,"template":"","format":"standard","meta":{"om_disable_all_campaigns":false,"_monsterinsights_skip_tracking":false,"_monsterinsights_sitenote_active":false,"_monsterinsights_sitenote_note":"","_monsterinsights_sitenote_category":0,"footnotes":""},"categories":[10],"tags":[],"class_list":["post-3007","post","type-post","status-publish","format-standard","has-post-thumbnail","hentry","category-aktivitaeten"],"aioseo_notices":[],"_links":{"self":[{"href":"https:\/\/www.omasgegenrechts-dresden.de\/index.php\/wp-json\/wp\/v2\/posts\/3007","targetHints":{"allow":["GET"]}}],"collection":[{"href":"https:\/\/www.omasgegenrechts-dresden.de\/index.php\/wp-json\/wp\/v2\/posts"}],"about":[{"href":"https:\/\/www.omasgegenrechts-dresden.de\/index.php\/wp-json\/wp\/v2\/types\/post"}],"author":[{"embeddable":true,"href":"https:\/\/www.omasgegenrechts-dresden.de\/index.php\/wp-json\/wp\/v2\/users\/1"}],"replies":[{"embeddable":true,"href":"https:\/\/www.omasgegenrechts-dresden.de\/index.php\/wp-json\/wp\/v2\/comments?post=3007"}],"version-history":[{"count":9,"href":"https:\/\/www.omasgegenrechts-dresden.de\/index.php\/wp-json\/wp\/v2\/posts\/3007\/revisions"}],"predecessor-version":[{"id":3034,"href":"https:\/\/www.omasgegenrechts-dresden.de\/index.php\/wp-json\/wp\/v2\/posts\/3007\/revisions\/3034"}],"wp:featuredmedia":[{"embeddable":true,"href":"https:\/\/www.omasgegenrechts-dresden.de\/index.php\/wp-json\/wp\/v2\/media\/3033"}],"wp:attachment":[{"href":"https:\/\/www.omasgegenrechts-dresden.de\/index.php\/wp-json\/wp\/v2\/media?parent=3007"}],"wp:term":[{"taxonomy":"category","embeddable":true,"href":"https:\/\/www.omasgegenrechts-dresden.de\/index.php\/wp-json\/wp\/v2\/categories?post=3007"},{"taxonomy":"post_tag","embeddable":true,"href":"https:\/\/www.omasgegenrechts-dresden.de\/index.php\/wp-json\/wp\/v2\/tags?post=3007"}],"curies":[{"name":"wp","href":"https:\/\/api.w.org\/{rel}","templated":true}]}}