{"id":3077,"date":"2026-03-13T23:08:56","date_gmt":"2026-03-13T22:08:56","guid":{"rendered":"https:\/\/www.omasgegenrechts-dresden.de\/?p=3077"},"modified":"2026-03-14T10:37:29","modified_gmt":"2026-03-14T09:37:29","slug":"offener-brief-der-omas-gegen-rechts-dresden-an-die-banda-comunale","status":"publish","type":"post","link":"https:\/\/www.omasgegenrechts-dresden.de\/index.php\/2026\/03\/13\/offener-brief-der-omas-gegen-rechts-dresden-an-die-banda-comunale\/","title":{"rendered":"Offener Brief der OMAS GEGEN RECHTS.DRESDEN an die Banda Comunale"},"content":{"rendered":"\n<p>Liebe Banda Comunale,<\/p>\n\n\n\n<p>wir freuen uns riesig mit euch \u00fcber den <a href=\"https:\/\/www.tagesschau.de\/inland\/regional\/sachsen\/mdr-stadt-dresden-zeichnet-den-fotografen-matthias-creutziger-aus-100.html\" target=\"_blank\" rel=\"noopener\" title=\"\">F\u00f6rderpreis zum Kunstpreis der Landeshauptstadt Dresden<\/a>! Von Herzen gratulieren wir euch zu dieser verdienten Auszeichnung \u2013 sie w\u00fcrdigt nicht nur eure Musik, sondern auch euren unerm\u00fcdlichen Einsatz f\u00fcr eine offene, solidarische und vielf\u00e4ltige Stadtgesellschaft.<\/p>\n\n\n\n<!--more-->\n\n\n\n<p>In der Begr\u00fcndung f\u00fcr den Preis hei\u00dft es, dass ihr ein &#8220;Symbol f\u00fcr Zusammenhalt, Vielfalt und gesellschaftliches Engagement&#8221; seid. Besser k\u00f6nnten wir es auch nicht sagen.<\/p>\n\n\n\n<div class=\"wp-block-media-text is-stacked-on-mobile\"><figure class=\"wp-block-media-text__media\"><img loading=\"lazy\" decoding=\"async\" width=\"1024\" height=\"768\" src=\"https:\/\/www.omasgegenrechts-dresden.de\/wp-content\/uploads\/2026\/03\/2023-02-11-15.12.50-1024x768.jpg\" alt=\"\" class=\"wp-image-3078 size-full\" srcset=\"https:\/\/www.omasgegenrechts-dresden.de\/wp-content\/uploads\/2026\/03\/2023-02-11-15.12.50-1024x768.jpg 1024w, https:\/\/www.omasgegenrechts-dresden.de\/wp-content\/uploads\/2026\/03\/2023-02-11-15.12.50-300x225.jpg 300w, https:\/\/www.omasgegenrechts-dresden.de\/wp-content\/uploads\/2026\/03\/2023-02-11-15.12.50-768x576.jpg 768w, https:\/\/www.omasgegenrechts-dresden.de\/wp-content\/uploads\/2026\/03\/2023-02-11-15.12.50-1536x1152.jpg 1536w, https:\/\/www.omasgegenrechts-dresden.de\/wp-content\/uploads\/2026\/03\/2023-02-11-15.12.50-2048x1536.jpg 2048w\" sizes=\"auto, (max-width: 1024px) 100vw, 1024px\" \/><\/figure><div class=\"wp-block-media-text__content\">\n<p>Genau so erleben wir es auch, wenn ihr bei Demonstrationen mit Trompete und Saxofon, Posaune und Tuba ein musikalisches Bad in der Menge nehmt \u2013 laut, bunt, menschlich und solidarisch. Eure Kunst zeigt, dass man mit Humor, Herz und Lautst\u00e4rke Br\u00fccken bauen kann \u2013 zwischen Kulturen, \u00fcber Generationen hinweg, mitten in einer Stadt, die manchmal ihre T\u00f6ne neu sortieren muss.<\/p>\n<\/div><\/div>\n\n\n\n<div class=\"wp-block-media-text has-media-on-the-right is-stacked-on-mobile\"><div class=\"wp-block-media-text__content\">\n<p>Wir erinnern uns immer wieder gern an eure Auftritte &#8211; ob beim fr\u00f6hlichen <a href=\"https:\/\/www.omasgegenrechts-dresden.de\/index.php\/2025\/10\/28\/mut-und-musik-auf-dem-stolpener-marktplatz\/\" target=\"_blank\" rel=\"noopener\" title=\"\">Kulturfestival in Stolpen<\/a>, bei <a href=\"https:\/\/www.omasgegenrechts-dresden.de\/index.php\/2024\/02\/03\/omas-gegen-rechts-sind-ein-teil-der-brandmauer-gegen-rechts\/\" target=\"_blank\" rel=\"noopener\" title=\"\">Brandmauer-Demos<\/a> oder bei <a href=\"https:\/\/www.omasgegenrechts-dresden.de\/index.php\/2023\/08\/26\/alle-zusammen-gegen-rassismus-und-fuer-glaubensfreiheit\/\" target=\"_blank\" rel=\"noopener\" title=\"\">Kundgebungen gegen Rassismus<\/a>. Ihr wart da, wenn Dresden laut werden musste gegen Hass und Ignoranz &#8211; und vor allem habt ihr gezeigt, dass Protest auch fr\u00f6hlich, lebendig und hoffnungsvoll klingen kann. Daf\u00fcr danken wir euch von Herzen. Wir sehen euch als Verb\u00fcndete im besten Sinn \u2013 im Einsatz f\u00fcr Menschlichkeit, Vielfalt und gegen rechte Hetze.<\/p>\n<\/div><figure class=\"wp-block-media-text__media\"><img loading=\"lazy\" decoding=\"async\" width=\"1024\" height=\"768\" src=\"https:\/\/www.omasgegenrechts-dresden.de\/wp-content\/uploads\/2026\/03\/2023-10-28-14.23.36-1024x768.jpg\" alt=\"\" class=\"wp-image-3079 size-full\" srcset=\"https:\/\/www.omasgegenrechts-dresden.de\/wp-content\/uploads\/2026\/03\/2023-10-28-14.23.36-1024x768.jpg 1024w, https:\/\/www.omasgegenrechts-dresden.de\/wp-content\/uploads\/2026\/03\/2023-10-28-14.23.36-300x225.jpg 300w, https:\/\/www.omasgegenrechts-dresden.de\/wp-content\/uploads\/2026\/03\/2023-10-28-14.23.36-768x576.jpg 768w, https:\/\/www.omasgegenrechts-dresden.de\/wp-content\/uploads\/2026\/03\/2023-10-28-14.23.36-1536x1152.jpg 1536w, https:\/\/www.omasgegenrechts-dresden.de\/wp-content\/uploads\/2026\/03\/2023-10-28-14.23.36-2048x1536.jpg 2048w\" sizes=\"auto, (max-width: 1024px) 100vw, 1024px\" \/><\/figure><\/div>\n\n\n\n<p>Euer Preis ist ein Gewinn f\u00fcr uns alle. Er zeigt, dass k\u00fcnstlerisches und gesellschaftliches Engagement in dieser Stadt gesehen und gesch\u00e4tzt wird. Und wir freuen uns schon auf das n\u00e4chste Mal, wenn eure Musik wieder ausgelassen und kraftvoll die Menschen auf der Stra\u00dfe begleitet \u2013 und wir gemeinsam zeigen: <strong>Dresden bleibt laut f\u00fcr die Demokratie.<\/strong><\/p>\n\n\n\n<p>Mit herzlichen Gr\u00fc\u00dfen und gro\u00dfer Freude<br>Eure OMAS GEGEN RECHTS.DRESDEN<\/p>\n","protected":false},"excerpt":{"rendered":"<p>Liebe Banda Comunale, wir freuen uns riesig mit euch \u00fcber den F\u00f6rderpreis zum Kunstpreis der Landeshauptstadt Dresden! Von Herzen gratulieren wir euch zu dieser verdienten Auszeichnung \u2013 sie w\u00fcrdigt nicht nur eure Musik, sondern auch euren unerm\u00fcdlichen Einsatz f\u00fcr eine offene, solidarische und vielf\u00e4ltige Stadtgesellschaft.<\/p>\n","protected":false},"author":1,"featured_media":3080,"comment_status":"closed","ping_status":"closed","sticky":false,"template":"","format":"standard","meta":{"om_disable_all_campaigns":false,"_monsterinsights_skip_tracking":false,"_monsterinsights_sitenote_active":false,"_monsterinsights_sitenote_note":"","_monsterinsights_sitenote_category":0,"footnotes":""},"categories":[10],"tags":[],"class_list":["post-3077","post","type-post","status-publish","format-standard","has-post-thumbnail","hentry","category-aktivitaeten"],"aioseo_notices":[],"_links":{"self":[{"href":"https:\/\/www.omasgegenrechts-dresden.de\/index.php\/wp-json\/wp\/v2\/posts\/3077","targetHints":{"allow":["GET"]}}],"collection":[{"href":"https:\/\/www.omasgegenrechts-dresden.de\/index.php\/wp-json\/wp\/v2\/posts"}],"about":[{"href":"https:\/\/www.omasgegenrechts-dresden.de\/index.php\/wp-json\/wp\/v2\/types\/post"}],"author":[{"embeddable":true,"href":"https:\/\/www.omasgegenrechts-dresden.de\/index.php\/wp-json\/wp\/v2\/users\/1"}],"replies":[{"embeddable":true,"href":"https:\/\/www.omasgegenrechts-dresden.de\/index.php\/wp-json\/wp\/v2\/comments?post=3077"}],"version-history":[{"count":4,"href":"https:\/\/www.omasgegenrechts-dresden.de\/index.php\/wp-json\/wp\/v2\/posts\/3077\/revisions"}],"predecessor-version":[{"id":3086,"href":"https:\/\/www.omasgegenrechts-dresden.de\/index.php\/wp-json\/wp\/v2\/posts\/3077\/revisions\/3086"}],"wp:featuredmedia":[{"embeddable":true,"href":"https:\/\/www.omasgegenrechts-dresden.de\/index.php\/wp-json\/wp\/v2\/media\/3080"}],"wp:attachment":[{"href":"https:\/\/www.omasgegenrechts-dresden.de\/index.php\/wp-json\/wp\/v2\/media?parent=3077"}],"wp:term":[{"taxonomy":"category","embeddable":true,"href":"https:\/\/www.omasgegenrechts-dresden.de\/index.php\/wp-json\/wp\/v2\/categories?post=3077"},{"taxonomy":"post_tag","embeddable":true,"href":"https:\/\/www.omasgegenrechts-dresden.de\/index.php\/wp-json\/wp\/v2\/tags?post=3077"}],"curies":[{"name":"wp","href":"https:\/\/api.w.org\/{rel}","templated":true}]}}