{"id":310,"date":"2022-01-09T01:00:00","date_gmt":"2022-01-09T00:00:00","guid":{"rendered":"https:\/\/www.omasgegenrechts-dresden.de\/?p=310"},"modified":"2022-05-16T09:31:09","modified_gmt":"2022-05-16T07:31:09","slug":"omas-gegen-rechts-dresden-zeigen-haltung-fuer-ihre-kinder-und-enkel","status":"publish","type":"post","link":"https:\/\/www.omasgegenrechts-dresden.de\/index.php\/2022\/01\/09\/omas-gegen-rechts-dresden-zeigen-haltung-fuer-ihre-kinder-und-enkel\/","title":{"rendered":"OMAS GEGEN RECHTS.DRESDEN zeigen Haltung f\u00fcr ihre Kinder und Enkel"},"content":{"rendered":"\n<div class=\"wp-block-media-text alignwide is-stacked-on-mobile\" style=\"grid-template-columns:30% auto\"><figure class=\"wp-block-media-text__media\"><img loading=\"lazy\" decoding=\"async\" width=\"807\" height=\"1024\" src=\"https:\/\/www.omasgegenrechts-dresden.de\/wp-content\/uploads\/2022\/01\/2022-01-08-Halung-zeigen-2-807x1024.jpg\" alt=\"\" class=\"wp-image-216 size-full\" srcset=\"https:\/\/www.omasgegenrechts-dresden.de\/wp-content\/uploads\/2022\/01\/2022-01-08-Halung-zeigen-2-807x1024.jpg 807w, https:\/\/www.omasgegenrechts-dresden.de\/wp-content\/uploads\/2022\/01\/2022-01-08-Halung-zeigen-2-236x300.jpg 236w, https:\/\/www.omasgegenrechts-dresden.de\/wp-content\/uploads\/2022\/01\/2022-01-08-Halung-zeigen-2-768x975.jpg 768w, https:\/\/www.omasgegenrechts-dresden.de\/wp-content\/uploads\/2022\/01\/2022-01-08-Halung-zeigen-2-1210x1536.jpg 1210w, https:\/\/www.omasgegenrechts-dresden.de\/wp-content\/uploads\/2022\/01\/2022-01-08-Halung-zeigen-2-1613x2048.jpg 1613w, https:\/\/www.omasgegenrechts-dresden.de\/wp-content\/uploads\/2022\/01\/2022-01-08-Halung-zeigen-2-scaled.jpg 2017w\" sizes=\"auto, (max-width: 807px) 100vw, 807px\" \/><\/figure><div class=\"wp-block-media-text__content\">\n<p>Wir OMAS GEGEN RECHTS.DRESDEN stehen mit beiden F\u00fc\u00dfen fest auf dem Boden unserer Stadt f\u00fcr Zusammenhalt statt Spaltung, f\u00fcr Demokratie statt Autokratie, f\u00fcr Vielfalt, Respekt, Toleranz und Achtung pers\u00f6nlicher Anschauungen. Wenn aber versucht wird, die aktuelle Krise gezielt zur Spaltung der Gesellschaft und letztlich zur Zerst\u00f6rung unserer Demokratie auszunutzen, dann ist eine Toleranzschwelle \u00fcberschritten.<br>Wir OMAS GEGEN RECHTS.DRESDEN zeigen Haltung f\u00fcr eine demokratische, rechtsstaatlich organisierte, freie Gesellschaft anstelle von Rechtsradikalismus und Verschw\u00f6rungstheorien.<\/p>\n<\/div><\/div>\n\n\n\n<hr class=\"wp-block-separator\"\/>\n","protected":false},"excerpt":{"rendered":"<p>Wir OMAS GEGEN RECHTS.DRESDEN stehen mit beiden F\u00fc\u00dfen fest auf dem Boden unserer Stadt f\u00fcr Zusammenhalt statt Spaltung, f\u00fcr Demokratie statt Autokratie, f\u00fcr Vielfalt, Respekt, Toleranz und Achtung pers\u00f6nlicher Anschauungen. Wenn aber versucht wird, die aktuelle Krise gezielt zur Spaltung der Gesellschaft und letztlich zur Zerst\u00f6rung unserer Demokratie auszunutzen, dann ist eine Toleranzschwelle \u00fcberschritten.Wir OMAS GEGEN RECHTS.DRESDEN zeigen Haltung f\u00fcr<\/p>\n","protected":false},"author":1,"featured_media":0,"comment_status":"closed","ping_status":"closed","sticky":false,"template":"","format":"standard","meta":{"om_disable_all_campaigns":false,"_monsterinsights_skip_tracking":false,"_monsterinsights_sitenote_active":false,"_monsterinsights_sitenote_note":"","_monsterinsights_sitenote_category":0,"footnotes":""},"categories":[10],"tags":[],"class_list":["post-310","post","type-post","status-publish","format-standard","hentry","category-aktivitaeten"],"aioseo_notices":[],"_links":{"self":[{"href":"https:\/\/www.omasgegenrechts-dresden.de\/index.php\/wp-json\/wp\/v2\/posts\/310","targetHints":{"allow":["GET"]}}],"collection":[{"href":"https:\/\/www.omasgegenrechts-dresden.de\/index.php\/wp-json\/wp\/v2\/posts"}],"about":[{"href":"https:\/\/www.omasgegenrechts-dresden.de\/index.php\/wp-json\/wp\/v2\/types\/post"}],"author":[{"embeddable":true,"href":"https:\/\/www.omasgegenrechts-dresden.de\/index.php\/wp-json\/wp\/v2\/users\/1"}],"replies":[{"embeddable":true,"href":"https:\/\/www.omasgegenrechts-dresden.de\/index.php\/wp-json\/wp\/v2\/comments?post=310"}],"version-history":[{"count":2,"href":"https:\/\/www.omasgegenrechts-dresden.de\/index.php\/wp-json\/wp\/v2\/posts\/310\/revisions"}],"predecessor-version":[{"id":329,"href":"https:\/\/www.omasgegenrechts-dresden.de\/index.php\/wp-json\/wp\/v2\/posts\/310\/revisions\/329"}],"wp:attachment":[{"href":"https:\/\/www.omasgegenrechts-dresden.de\/index.php\/wp-json\/wp\/v2\/media?parent=310"}],"wp:term":[{"taxonomy":"category","embeddable":true,"href":"https:\/\/www.omasgegenrechts-dresden.de\/index.php\/wp-json\/wp\/v2\/categories?post=310"},{"taxonomy":"post_tag","embeddable":true,"href":"https:\/\/www.omasgegenrechts-dresden.de\/index.php\/wp-json\/wp\/v2\/tags?post=310"}],"curies":[{"name":"wp","href":"https:\/\/api.w.org\/{rel}","templated":true}]}}