{"id":318,"date":"2022-03-01T01:00:00","date_gmt":"2022-03-01T00:00:00","guid":{"rendered":"https:\/\/www.omasgegenrechts-dresden.de\/?p=318"},"modified":"2022-05-16T09:30:21","modified_gmt":"2022-05-16T07:30:21","slug":"mahnwache-auf-dem-dresdner-neumarkt","status":"publish","type":"post","link":"https:\/\/www.omasgegenrechts-dresden.de\/index.php\/2022\/03\/01\/mahnwache-auf-dem-dresdner-neumarkt\/","title":{"rendered":"Mahnwache auf dem Dresdner Neumarkt"},"content":{"rendered":"\n<div class=\"wp-block-media-text alignwide is-stacked-on-mobile\" style=\"grid-template-columns:40% auto\"><figure class=\"wp-block-media-text__media\"><img loading=\"lazy\" decoding=\"async\" width=\"724\" height=\"1024\" src=\"https:\/\/www.omasgegenrechts-dresden.de\/wp-content\/uploads\/2022\/03\/mahnwache-724x1024.png\" alt=\"\" class=\"wp-image-281 size-full\" srcset=\"https:\/\/www.omasgegenrechts-dresden.de\/wp-content\/uploads\/2022\/03\/mahnwache-724x1024.png 724w, https:\/\/www.omasgegenrechts-dresden.de\/wp-content\/uploads\/2022\/03\/mahnwache-212x300.png 212w, https:\/\/www.omasgegenrechts-dresden.de\/wp-content\/uploads\/2022\/03\/mahnwache-768x1085.png 768w, https:\/\/www.omasgegenrechts-dresden.de\/wp-content\/uploads\/2022\/03\/mahnwache.png 791w\" sizes=\"auto, (max-width: 724px) 100vw, 724px\" \/><\/figure><div class=\"wp-block-media-text__content\">\n<p class=\"has-text-align-left\">01.03.2022: OMAS GEGEN RECHTS.DRESDEN veranstaltet am<\/p>\n\n\n\n<p class=\"has-text-align-center\"><strong>5. M\u00e4rz 2022, 13.00 bis 15.00 Uhr <\/strong><br><strong>auf dem Dresdner Neumarkt<\/strong><\/p>\n\n\n\n<p>eine Mahnwache unter dem Motto<\/p>\n\n\n\n<p class=\"has-text-align-center\"><strong>&#8220;Mahnwache der OMAS GEGEN RECHTS.DRESDEN gegen den Krieg in der Ukraine &#8211; f\u00fcr Frieden, Vers\u00f6hnung, Solidarit\u00e4t und Demokratie\u201c<\/strong><\/p>\n\n\n\n<p>Mahnwachen sind ein stilles politisches Mittel, um auf Probleme hinzuweisen und Position zu beziehen.<br>Die Initiative begr\u00fc\u00dft es, wenn Dresdnerinnen und Dresdner eine Weile an dieser Mahnwache teilnehmen.<br><\/p>\n<\/div><\/div>\n\n\n\n<hr class=\"wp-block-separator\"\/>\n","protected":false},"excerpt":{"rendered":"<p>01.03.2022: OMAS GEGEN RECHTS.DRESDEN veranstaltet am 5. M\u00e4rz 2022, 13.00 bis 15.00 Uhr auf dem Dresdner Neumarkt eine Mahnwache unter dem Motto &#8220;Mahnwache der OMAS GEGEN RECHTS.DRESDEN gegen den Krieg in der Ukraine &#8211; f\u00fcr Frieden, Vers\u00f6hnung, Solidarit\u00e4t und Demokratie\u201c Mahnwachen sind ein stilles politisches Mittel, um auf Probleme hinzuweisen und Position zu beziehen.Die Initiative begr\u00fc\u00dft es, wenn Dresdnerinnen und<\/p>\n","protected":false},"author":1,"featured_media":0,"comment_status":"closed","ping_status":"closed","sticky":false,"template":"","format":"standard","meta":{"om_disable_all_campaigns":false,"_monsterinsights_skip_tracking":false,"_monsterinsights_sitenote_active":false,"_monsterinsights_sitenote_note":"","_monsterinsights_sitenote_category":0,"footnotes":""},"categories":[10],"tags":[],"class_list":["post-318","post","type-post","status-publish","format-standard","hentry","category-aktivitaeten"],"aioseo_notices":[],"_links":{"self":[{"href":"https:\/\/www.omasgegenrechts-dresden.de\/index.php\/wp-json\/wp\/v2\/posts\/318","targetHints":{"allow":["GET"]}}],"collection":[{"href":"https:\/\/www.omasgegenrechts-dresden.de\/index.php\/wp-json\/wp\/v2\/posts"}],"about":[{"href":"https:\/\/www.omasgegenrechts-dresden.de\/index.php\/wp-json\/wp\/v2\/types\/post"}],"author":[{"embeddable":true,"href":"https:\/\/www.omasgegenrechts-dresden.de\/index.php\/wp-json\/wp\/v2\/users\/1"}],"replies":[{"embeddable":true,"href":"https:\/\/www.omasgegenrechts-dresden.de\/index.php\/wp-json\/wp\/v2\/comments?post=318"}],"version-history":[{"count":2,"href":"https:\/\/www.omasgegenrechts-dresden.de\/index.php\/wp-json\/wp\/v2\/posts\/318\/revisions"}],"predecessor-version":[{"id":325,"href":"https:\/\/www.omasgegenrechts-dresden.de\/index.php\/wp-json\/wp\/v2\/posts\/318\/revisions\/325"}],"wp:attachment":[{"href":"https:\/\/www.omasgegenrechts-dresden.de\/index.php\/wp-json\/wp\/v2\/media?parent=318"}],"wp:term":[{"taxonomy":"category","embeddable":true,"href":"https:\/\/www.omasgegenrechts-dresden.de\/index.php\/wp-json\/wp\/v2\/categories?post=318"},{"taxonomy":"post_tag","embeddable":true,"href":"https:\/\/www.omasgegenrechts-dresden.de\/index.php\/wp-json\/wp\/v2\/tags?post=318"}],"curies":[{"name":"wp","href":"https:\/\/api.w.org\/{rel}","templated":true}]}}