{"id":3222,"date":"2026-04-25T18:28:41","date_gmt":"2026-04-25T16:28:41","guid":{"rendered":"https:\/\/www.omasgegenrechts-dresden.de\/?p=3222"},"modified":"2026-04-25T21:28:30","modified_gmt":"2026-04-25T19:28:30","slug":"unsere-toechter-die-nazinen","status":"publish","type":"post","link":"https:\/\/www.omasgegenrechts-dresden.de\/index.php\/2026\/04\/25\/unsere-toechter-die-nazinen\/","title":{"rendered":"&#8220;Unsere T\u00f6chter, die Nazinen&#8221;"},"content":{"rendered":"\n<p>Eine <a href=\"https:\/\/www.omasgegenrechts-dresden.de\/index.php\/termine\/szenische-lesung-unsere-toechter-die-nazinen\/\" target=\"_blank\" rel=\"noopener\" title=\"\">Lesung mit den OMAS GEGEN RECHTS Halle<\/a> im K\u00e4stnerhaus Dresden.<\/p>\n\n\n\n<p>Langsam f\u00fcllt sich der Raum. Erwartungsvolle Gespr\u00e4che schwirren durch die Luft, der Lesetisch ist gedeckt, <a href=\"https:\/\/www.omasgegenrechts-halle.de\/\" target=\"_blank\" rel=\"noopener\" title=\"\">die Hallenserinnen<\/a> spucken sich im Backstage \u00fcber die Schulter&#8230;<\/p>\n\n\n\n<!--more-->\n\n\n\n<div class=\"wp-block-media-text is-stacked-on-mobile\"><figure class=\"wp-block-media-text__media\"><img loading=\"lazy\" decoding=\"async\" width=\"1024\" height=\"768\" src=\"https:\/\/www.omasgegenrechts-dresden.de\/wp-content\/uploads\/2026\/04\/da43557e-3085-4541-a767-90d35aa9d732-1024x768.jpeg\" alt=\"\" class=\"wp-image-3223 size-full\" srcset=\"https:\/\/www.omasgegenrechts-dresden.de\/wp-content\/uploads\/2026\/04\/da43557e-3085-4541-a767-90d35aa9d732-1024x768.jpeg 1024w, https:\/\/www.omasgegenrechts-dresden.de\/wp-content\/uploads\/2026\/04\/da43557e-3085-4541-a767-90d35aa9d732-300x225.jpeg 300w, https:\/\/www.omasgegenrechts-dresden.de\/wp-content\/uploads\/2026\/04\/da43557e-3085-4541-a767-90d35aa9d732-768x576.jpeg 768w, https:\/\/www.omasgegenrechts-dresden.de\/wp-content\/uploads\/2026\/04\/da43557e-3085-4541-a767-90d35aa9d732-1536x1152.jpeg 1536w, https:\/\/www.omasgegenrechts-dresden.de\/wp-content\/uploads\/2026\/04\/da43557e-3085-4541-a767-90d35aa9d732.jpeg 1920w\" sizes=\"auto, (max-width: 1024px) 100vw, 1024px\" \/><\/figure><div class=\"wp-block-media-text__content\">\n<p>Dann beginnt es. Der Fl\u00fcgel von Cynthias Gro\u00dfmutter erklingt und f\u00fchrt musikalisch in einen sehr nachdenklich machenden Abend ein.<\/p>\n\n\n\n<p>Auf der B\u00fchne: 3 M\u00fctter und 3 T\u00f6chter. Sie lesen Ausz\u00fcge eines Textes von <a href=\"https:\/\/de.wikipedia.org\/wiki\/Hermynia_Zur_M%C3%BChlen\" target=\"_blank\" rel=\"noopener\" title=\"\">Hermynia Zur M\u00fchlen<\/a>: &#8220;Unsere T\u00f6chter, die Nazinen&#8221;.<\/p>\n<\/div><\/div>\n\n\n\n<p><strong>H\u00e4tten wir nicht gewusst, dass der Text von 1933\/34 stammt, h\u00e4tten wir glauben k\u00f6nnen, es handele sich um eine Beschreibung der heutigen Zeit.<\/strong> Argumentationen, Zitate \u2013 sie sind heute genauso aktuell wie damals.<\/p>\n\n\n\n<p>Die drei M\u00fctter beschreiben eindrucksvoll die Ambivalenzen des Denkens, zeichnen Entwicklungen nach und beschreiben, wie gro\u00dfe Versprechen eine ganze Generation junger Menschen verblendet.<br>Die Lesung ist zweigeteilt \u2013 im ersten Teil wird die Zeit kurz vor der Machtergreifung, im zweiten Teil die Zeit kurz danach beschrieben.<\/p>\n\n\n\n<p>Wir erleben kein M\u00e4rchen mit positivem Ausgang und doch ist es der zweite Teil, der auch Mut macht. Die ge\u00f6ffneten Augen. Die Wandlung der jungen Nazinen. Die Kraft von M\u00fcttern, die lieben. Der Raum seufzt kollektiv. Reagiert. Lacht auch. Es ist ein Miteinander \u2013 das Lesen und das H\u00f6ren. <\/p>\n\n\n\n<p>Und im Hinterkopf klopft bei mir die ganze Zeit Erich K\u00e4stners Aussage: <\/p>\n\n\n\n<p><em>&#8220;Die Ereignisse von 1933 bis 1945 h\u00e4tten sp\u00e4testens 1928 bek\u00e4mpft werden m\u00fcssen. Sp\u00e4ter war es zu sp\u00e4t. Man darf nicht warten, bis der Freiheitskampf Landesverrat genannt wird. Man darf nicht warten, bis aus dem Schneeball eine Lawine geworden ist. Man muss den rollenden Schneeball zertreten. Die Lawine h\u00e4lt keiner mehr auf.&#8221;<\/em><\/p>\n\n\n\n<p>In welchem Jahr befinden wir uns?<\/p>\n\n\n\n<p>Der letzte Satz der Lesung l\u00e4sst mich noch einmal zusammenzucken. <strong>&#8220;Frieden. Vielleicht erlebe ich ihn noch. Aber mir graut vor dem, was dem Frieden vorangehen muss.&#8221;<\/strong><br>Das ist es, was ich mitnehme \u2013 in unser geselliges Beieinander mit den Hallenserinnen, in unser Fr\u00fchst\u00fccksgespr\u00e4ch, in meine politische Arbeit \u2013 es soll dem Frieden nichts vorangehen m\u00fcssen. <strong>Es liegt auch an mir, das Grauen nicht zuzulassen und dem Guten den Teppich auszubreiten.<\/strong><\/p>\n\n\n\n<p>Noch in der Nacht spinnen wir mit den Hallenserinnen Ideen \u2013 gute Ideen und gute Aktionen helfen, die Arbeit der OMAS weiter zu machen.<\/p>\n\n\n\n<p>Danke f\u00fcr den Abend!<\/p>\n\n\n\n<p class=\"has-text-align-right\">Claudia<\/p>\n","protected":false},"excerpt":{"rendered":"<p>Eine Lesung mit den OMAS GEGEN RECHTS Halle im K\u00e4stnerhaus Dresden. Langsam f\u00fcllt sich der Raum. Erwartungsvolle Gespr\u00e4che schwirren durch die Luft, der Lesetisch ist gedeckt, die Hallenserinnen spucken sich im Backstage \u00fcber die Schulter&#8230;<\/p>\n","protected":false},"author":1,"featured_media":3224,"comment_status":"closed","ping_status":"closed","sticky":false,"template":"","format":"standard","meta":{"om_disable_all_campaigns":false,"_monsterinsights_skip_tracking":false,"_monsterinsights_sitenote_active":false,"_monsterinsights_sitenote_note":"","_monsterinsights_sitenote_category":0,"footnotes":""},"categories":[10],"tags":[],"class_list":["post-3222","post","type-post","status-publish","format-standard","has-post-thumbnail","hentry","category-aktivitaeten"],"aioseo_notices":[],"_links":{"self":[{"href":"https:\/\/www.omasgegenrechts-dresden.de\/index.php\/wp-json\/wp\/v2\/posts\/3222","targetHints":{"allow":["GET"]}}],"collection":[{"href":"https:\/\/www.omasgegenrechts-dresden.de\/index.php\/wp-json\/wp\/v2\/posts"}],"about":[{"href":"https:\/\/www.omasgegenrechts-dresden.de\/index.php\/wp-json\/wp\/v2\/types\/post"}],"author":[{"embeddable":true,"href":"https:\/\/www.omasgegenrechts-dresden.de\/index.php\/wp-json\/wp\/v2\/users\/1"}],"replies":[{"embeddable":true,"href":"https:\/\/www.omasgegenrechts-dresden.de\/index.php\/wp-json\/wp\/v2\/comments?post=3222"}],"version-history":[{"count":3,"href":"https:\/\/www.omasgegenrechts-dresden.de\/index.php\/wp-json\/wp\/v2\/posts\/3222\/revisions"}],"predecessor-version":[{"id":3229,"href":"https:\/\/www.omasgegenrechts-dresden.de\/index.php\/wp-json\/wp\/v2\/posts\/3222\/revisions\/3229"}],"wp:featuredmedia":[{"embeddable":true,"href":"https:\/\/www.omasgegenrechts-dresden.de\/index.php\/wp-json\/wp\/v2\/media\/3224"}],"wp:attachment":[{"href":"https:\/\/www.omasgegenrechts-dresden.de\/index.php\/wp-json\/wp\/v2\/media?parent=3222"}],"wp:term":[{"taxonomy":"category","embeddable":true,"href":"https:\/\/www.omasgegenrechts-dresden.de\/index.php\/wp-json\/wp\/v2\/categories?post=3222"},{"taxonomy":"post_tag","embeddable":true,"href":"https:\/\/www.omasgegenrechts-dresden.de\/index.php\/wp-json\/wp\/v2\/tags?post=3222"}],"curies":[{"name":"wp","href":"https:\/\/api.w.org\/{rel}","templated":true}]}}