{"id":3597,"date":"2026-09-03T16:35:42","date_gmt":"2026-09-03T14:35:42","guid":{"rendered":"https:\/\/www.omasgegenrechts-dresden.de\/?p=3597"},"modified":"2026-09-03T16:58:45","modified_gmt":"2026-09-03T14:58:45","slug":"bunt-statt-blau","status":"publish","type":"post","link":"https:\/\/www.omasgegenrechts-dresden.de\/index.php\/2026\/09\/03\/bunt-statt-blau\/","title":{"rendered":"Bunt statt Blau"},"content":{"rendered":"\n<p class=\"wp-block-paragraph\">Am 2. September 2026 wurde es auf dem Hauptmarkt in Gro\u00dfenhain bunt. Der <a href=\"https:\/\/demokratie-grossenhain.de\/\" target=\"_blank\" rel=\"noopener\">Freundeskreis f\u00fcr Demokratie in Gro\u00dfenhain<\/a> zeigte der gleichzeitig stattfindenden blaubrauen AfD-Veranstaltung, dass Gro\u00dfenhain solidarisch, zukunftsorientiert und weltoffen ist. <br>Unter dem Motto &#8220;Bunt statt Blau&#8221; gab es Musik, Redebeitr\u00e4ge, Gespr\u00e4che und kreative Angebote. Die Stimmung war toll, denn viele Menschen waren gerne gekommen. Die OMAS GEGEN RECHTS.DRESDEN wurden mit ganz viel Herzlichkeit und Begeisterung begr\u00fc\u00dft. Dabei gab es richtige &#8220;G\u00e4nsehautmomente&#8221;. <br>Unser gro\u00dfer Respekt und Dank bleiben in Gro\u00dfenhein, denn in einer Kleinstadt Haltung zu zeigen, ist doch viel schwerer als in der Gro\u00dfstadt Dresden. <br>Macht weiter so! Unsere besten Gr\u00fc\u00dfe gehen an den <a href=\"https:\/\/demokratie-grossenhain.de\/\" target=\"_blank\" rel=\"noopener\">Freundeskreis f\u00fcr Demokratie in Gro\u00dfenhain<\/a>.<\/p>\n\n\n\n<p class=\"wp-block-paragraph\"><\/p>\n\n\n\n<p class=\"wp-block-paragraph\"><\/p>\n","protected":false},"excerpt":{"rendered":"<p>Am 2. September 2026 wurde es auf dem Hauptmarkt in Gro\u00dfenhain bunt. Der Freundeskreis f\u00fcr Demokratie in Gro\u00dfenhain zeigte der gleichzeitig stattfindenden blaubrauen AfD-Veranstaltung, dass Gro\u00dfenhain solidarisch, zukunftsorientiert und weltoffen ist. Unter dem Motto &#8220;Bunt statt Blau&#8221; gab es Musik, Redebeitr\u00e4ge, Gespr\u00e4che und kreative Angebote. Die Stimmung war toll, denn viele Menschen waren gerne gekommen. Die OMAS GEGEN RECHTS.DRESDEN wurden<\/p>\n","protected":false},"author":1,"featured_media":3602,"comment_status":"closed","ping_status":"closed","sticky":false,"template":"","format":"standard","meta":{"om_disable_all_campaigns":false,"_monsterinsights_skip_tracking":false,"footnotes":""},"categories":[10],"tags":[],"class_list":["post-3597","post","type-post","status-publish","format-standard","has-post-thumbnail","hentry","category-aktivitaeten"],"aioseo_notices":[],"aioseo_head":"\n\t\t<!-- All in One SEO 5.0.1.1 - aioseo.com -->\n\t<meta name=\"description\" content=\"Der Freundeskreis f\u00fcr Demokratie in Gro\u00dfenhain zeigte der gleichzeitig stattfindenden blaubrauen AfD-Veranstaltung, dass Gro\u00dfenhain weltoffen ist.\" \/>\n\t<meta name=\"robots\" content=\"max-image-preview:large\" \/>\n\t<meta name=\"author\" content=\"OGR.DD\"\/>\n\t<link rel=\"canonical\" href=\"https:\/\/www.omasgegenrechts-dresden.de\/index.php\/2026\/09\/03\/bunt-statt-blau\/\" \/>\n\t<meta name=\"generator\" content=\"All in One SEO (AIOSEO) 5.0.1.1\" \/>\n\t\t<meta property=\"og:locale\" content=\"de_DE\" \/>\n\t\t<meta property=\"og:site_name\" content=\"OMAS GEGEN RECHTS.DRESDEN -\" \/>\n\t\t<meta property=\"og:type\" content=\"article\" \/>\n\t\t<meta property=\"og:title\" content=\"Bunt statt Blau\" \/>\n\t\t<meta property=\"og:description\" content=\"Der Freundeskreis f\u00fcr Demokratie in Gro\u00dfenhain zeigte der gleichzeitig stattfindenden blaubrauen AfD-Veranstaltung, dass Gro\u00dfenhain weltoffen ist.\" \/>\n\t\t<meta property=\"og:url\" content=\"https:\/\/www.omasgegenrechts-dresden.de\/index.php\/2026\/09\/03\/bunt-statt-blau\/\" \/>\n\t\t<meta property=\"og:image\" content=\"https:\/\/www.omasgegenrechts-dresden.de\/wp-content\/uploads\/2021\/11\/Picture1.jpg\" \/>\n\t\t<meta property=\"og:image:secure_url\" content=\"https:\/\/www.omasgegenrechts-dresden.de\/wp-content\/uploads\/2021\/11\/Picture1.jpg\" \/>\n\t\t<meta property=\"article:published_time\" content=\"2026-09-03T14:35:42+00:00\" \/>\n\t\t<meta property=\"article:modified_time\" content=\"2026-09-03T14:58:45+00:00\" \/>\n\t\t<meta property=\"article:publisher\" content=\"https:\/\/www.facebook.com\/OMAS-GEGEN-RECHTSDresden-110325594761180\/\" \/>\n\t\t<meta name=\"twitter:card\" content=\"summary\" \/>\n\t\t<meta name=\"twitter:title\" content=\"Bunt statt Blau\" \/>\n\t\t<meta name=\"twitter:description\" content=\"Der Freundeskreis f\u00fcr Demokratie in Gro\u00dfenhain zeigte der gleichzeitig stattfindenden blaubrauen AfD-Veranstaltung, dass Gro\u00dfenhain weltoffen ist.\" \/>\n\t\t<meta name=\"twitter:image\" content=\"https:\/\/www.omasgegenrechts-dresden.de\/wp-content\/uploads\/2021\/11\/Picture1.jpg\" \/>\n\t\t<script type=\"application\/ld+json\" class=\"aioseo-schema\">\n\t\t\t{\"@context\":\"https:\\\/\\\/schema.org\",\"@graph\":[{\"@type\":\"BlogPosting\",\"@id\":\"https:\\\/\\\/www.omasgegenrechts-dresden.de\\\/index.php\\\/2026\\\/09\\\/03\\\/bunt-statt-blau\\\/#blogposting\",\"name\":\"Bunt statt Blau\",\"headline\":\"Bunt statt Blau\",\"author\":{\"@id\":\"https:\\\/\\\/www.omasgegenrechts-dresden.de\\\/index.php\\\/author\\\/ogr\\\/#author\"},\"publisher\":{\"@id\":\"https:\\\/\\\/www.omasgegenrechts-dresden.de\\\/#organization\"},\"image\":{\"@type\":\"ImageObject\",\"url\":\"https:\\\/\\\/www.omasgegenrechts-dresden.de\\\/wp-content\\\/uploads\\\/2026\\\/09\\\/Grossenhain-1.png\",\"width\":751,\"height\":560},\"datePublished\":\"2026-09-03T16:35:42+02:00\",\"dateModified\":\"2026-09-03T16:58:45+02:00\",\"inLanguage\":\"de-DE-formal\",\"mainEntityOfPage\":{\"@id\":\"https:\\\/\\\/www.omasgegenrechts-dresden.de\\\/index.php\\\/2026\\\/09\\\/03\\\/bunt-statt-blau\\\/#webpage\"},\"isPartOf\":{\"@id\":\"https:\\\/\\\/www.omasgegenrechts-dresden.de\\\/index.php\\\/2026\\\/09\\\/03\\\/bunt-statt-blau\\\/#webpage\"},\"articleSection\":\"Aktivit\\u00e4ten\"},{\"@type\":\"BreadcrumbList\",\"@id\":\"https:\\\/\\\/www.omasgegenrechts-dresden.de\\\/index.php\\\/2026\\\/09\\\/03\\\/bunt-statt-blau\\\/#breadcrumblist\",\"itemListElement\":[{\"@type\":\"ListItem\",\"@id\":\"https:\\\/\\\/www.omasgegenrechts-dresden.de#listItem\",\"position\":1,\"name\":\"Home\",\"item\":\"https:\\\/\\\/www.omasgegenrechts-dresden.de\",\"nextItem\":{\"@type\":\"ListItem\",\"@id\":\"https:\\\/\\\/www.omasgegenrechts-dresden.de\\\/index.php\\\/category\\\/aktivitaeten\\\/#listItem\",\"name\":\"Aktivit\\u00e4ten\"}},{\"@type\":\"ListItem\",\"@id\":\"https:\\\/\\\/www.omasgegenrechts-dresden.de\\\/index.php\\\/category\\\/aktivitaeten\\\/#listItem\",\"position\":2,\"name\":\"Aktivit\\u00e4ten\",\"item\":\"https:\\\/\\\/www.omasgegenrechts-dresden.de\\\/index.php\\\/category\\\/aktivitaeten\\\/\",\"nextItem\":{\"@type\":\"ListItem\",\"@id\":\"https:\\\/\\\/www.omasgegenrechts-dresden.de\\\/index.php\\\/2026\\\/09\\\/03\\\/bunt-statt-blau\\\/#listItem\",\"name\":\"Bunt statt Blau\"},\"previousItem\":{\"@type\":\"ListItem\",\"@id\":\"https:\\\/\\\/www.omasgegenrechts-dresden.de#listItem\",\"name\":\"Home\"}},{\"@type\":\"ListItem\",\"@id\":\"https:\\\/\\\/www.omasgegenrechts-dresden.de\\\/index.php\\\/2026\\\/09\\\/03\\\/bunt-statt-blau\\\/#listItem\",\"position\":3,\"name\":\"Bunt statt Blau\",\"previousItem\":{\"@type\":\"ListItem\",\"@id\":\"https:\\\/\\\/www.omasgegenrechts-dresden.de\\\/index.php\\\/category\\\/aktivitaeten\\\/#listItem\",\"name\":\"Aktivit\\u00e4ten\"}}]},{\"@type\":\"Organization\",\"@id\":\"https:\\\/\\\/www.omasgegenrechts-dresden.de\\\/#organization\",\"name\":\"OMAS GEGEN RECHTS.DRESDEN\",\"url\":\"https:\\\/\\\/www.omasgegenrechts-dresden.de\\\/\",\"logo\":{\"@type\":\"ImageObject\",\"url\":\"https:\\\/\\\/www.omasgegenrechts-dresden.de\\\/wp-content\\\/uploads\\\/2024\\\/01\\\/cropped-omas_600.jpg\",\"@id\":\"https:\\\/\\\/www.omasgegenrechts-dresden.de\\\/index.php\\\/2026\\\/09\\\/03\\\/bunt-statt-blau\\\/#organizationLogo\",\"width\":512,\"height\":512,\"caption\":\"OMAS GEGEN RECHTS DRESDEN\"},\"image\":{\"@id\":\"https:\\\/\\\/www.omasgegenrechts-dresden.de\\\/index.php\\\/2026\\\/09\\\/03\\\/bunt-statt-blau\\\/#organizationLogo\"},\"sameAs\":[\"https:\\\/\\\/www.facebook.com\\\/OMAS-GEGEN-RECHTSDresden-110325594761180\\\/\"]},{\"@type\":\"Person\",\"@id\":\"https:\\\/\\\/www.omasgegenrechts-dresden.de\\\/index.php\\\/author\\\/ogr\\\/#author\",\"url\":\"https:\\\/\\\/www.omasgegenrechts-dresden.de\\\/index.php\\\/author\\\/ogr\\\/\",\"name\":\"OGR.DD\",\"image\":{\"@type\":\"ImageObject\",\"@id\":\"https:\\\/\\\/www.omasgegenrechts-dresden.de\\\/index.php\\\/2026\\\/09\\\/03\\\/bunt-statt-blau\\\/#authorImage\",\"url\":\"https:\\\/\\\/secure.gravatar.com\\\/avatar\\\/a08adf00a4137d3512fca4c6bc6472d3de0634670288850a061aa0715361f689?s=96&d=mm&r=g\",\"width\":96,\"height\":96,\"caption\":\"OGR.DD\"}},{\"@type\":\"WebPage\",\"@id\":\"https:\\\/\\\/www.omasgegenrechts-dresden.de\\\/index.php\\\/2026\\\/09\\\/03\\\/bunt-statt-blau\\\/#webpage\",\"url\":\"https:\\\/\\\/www.omasgegenrechts-dresden.de\\\/index.php\\\/2026\\\/09\\\/03\\\/bunt-statt-blau\\\/\",\"name\":\"Bunt statt Blau\",\"description\":\"Der Freundeskreis f\\u00fcr Demokratie in Gro\\u00dfenhain zeigte der gleichzeitig stattfindenden blaubrauen AfD-Veranstaltung, dass Gro\\u00dfenhain weltoffen ist.\",\"inLanguage\":\"de-DE-formal\",\"isPartOf\":{\"@id\":\"https:\\\/\\\/www.omasgegenrechts-dresden.de\\\/#website\"},\"breadcrumb\":{\"@id\":\"https:\\\/\\\/www.omasgegenrechts-dresden.de\\\/index.php\\\/2026\\\/09\\\/03\\\/bunt-statt-blau\\\/#breadcrumblist\"},\"author\":{\"@id\":\"https:\\\/\\\/www.omasgegenrechts-dresden.de\\\/index.php\\\/author\\\/ogr\\\/#author\"},\"creator\":{\"@id\":\"https:\\\/\\\/www.omasgegenrechts-dresden.de\\\/index.php\\\/author\\\/ogr\\\/#author\"},\"image\":{\"@type\":\"ImageObject\",\"url\":\"https:\\\/\\\/www.omasgegenrechts-dresden.de\\\/wp-content\\\/uploads\\\/2026\\\/09\\\/Grossenhain-1.png\",\"@id\":\"https:\\\/\\\/www.omasgegenrechts-dresden.de\\\/index.php\\\/2026\\\/09\\\/03\\\/bunt-statt-blau\\\/#mainImage\",\"width\":751,\"height\":560},\"primaryImageOfPage\":{\"@id\":\"https:\\\/\\\/www.omasgegenrechts-dresden.de\\\/index.php\\\/2026\\\/09\\\/03\\\/bunt-statt-blau\\\/#mainImage\"},\"datePublished\":\"2026-09-03T16:35:42+02:00\",\"dateModified\":\"2026-09-03T16:58:45+02:00\"},{\"@type\":\"WebSite\",\"@id\":\"https:\\\/\\\/www.omasgegenrechts-dresden.de\\\/#website\",\"url\":\"https:\\\/\\\/www.omasgegenrechts-dresden.de\\\/\",\"name\":\"OMAS GEGEN RECHTS.DRESDEN\",\"inLanguage\":\"de-DE-formal\",\"publisher\":{\"@id\":\"https:\\\/\\\/www.omasgegenrechts-dresden.de\\\/#organization\"}}]}\n\t\t<\/script>\n\t\t<!-- All in One SEO -->\n\n","aioseo_head_json":{"title":"Bunt statt Blau","description":"Der Freundeskreis f\u00fcr Demokratie in Gro\u00dfenhain zeigte der gleichzeitig stattfindenden blaubrauen AfD-Veranstaltung, dass Gro\u00dfenhain weltoffen ist.","canonical_url":"https:\/\/www.omasgegenrechts-dresden.de\/index.php\/2026\/09\/03\/bunt-statt-blau\/","robots":"max-image-preview:large","keywords":"","webmasterTools":{"miscellaneous":""},"schema":{"@context":"https:\/\/schema.org","@graph":[{"@type":"BlogPosting","@id":"https:\/\/www.omasgegenrechts-dresden.de\/index.php\/2026\/09\/03\/bunt-statt-blau\/#blogposting","name":"Bunt statt Blau","headline":"Bunt statt Blau","author":{"@id":"https:\/\/www.omasgegenrechts-dresden.de\/index.php\/author\/ogr\/#author"},"publisher":{"@id":"https:\/\/www.omasgegenrechts-dresden.de\/#organization"},"image":{"@type":"ImageObject","url":"https:\/\/www.omasgegenrechts-dresden.de\/wp-content\/uploads\/2026\/09\/Grossenhain-1.png","width":751,"height":560},"datePublished":"2026-09-03T16:35:42+02:00","dateModified":"2026-09-03T16:58:45+02:00","inLanguage":"de-DE-formal","mainEntityOfPage":{"@id":"https:\/\/www.omasgegenrechts-dresden.de\/index.php\/2026\/09\/03\/bunt-statt-blau\/#webpage"},"isPartOf":{"@id":"https:\/\/www.omasgegenrechts-dresden.de\/index.php\/2026\/09\/03\/bunt-statt-blau\/#webpage"},"articleSection":"Aktivit\u00e4ten"},{"@type":"BreadcrumbList","@id":"https:\/\/www.omasgegenrechts-dresden.de\/index.php\/2026\/09\/03\/bunt-statt-blau\/#breadcrumblist","itemListElement":[{"@type":"ListItem","@id":"https:\/\/www.omasgegenrechts-dresden.de#listItem","position":1,"name":"Home","item":"https:\/\/www.omasgegenrechts-dresden.de","nextItem":{"@type":"ListItem","@id":"https:\/\/www.omasgegenrechts-dresden.de\/index.php\/category\/aktivitaeten\/#listItem","name":"Aktivit\u00e4ten"}},{"@type":"ListItem","@id":"https:\/\/www.omasgegenrechts-dresden.de\/index.php\/category\/aktivitaeten\/#listItem","position":2,"name":"Aktivit\u00e4ten","item":"https:\/\/www.omasgegenrechts-dresden.de\/index.php\/category\/aktivitaeten\/","nextItem":{"@type":"ListItem","@id":"https:\/\/www.omasgegenrechts-dresden.de\/index.php\/2026\/09\/03\/bunt-statt-blau\/#listItem","name":"Bunt statt Blau"},"previousItem":{"@type":"ListItem","@id":"https:\/\/www.omasgegenrechts-dresden.de#listItem","name":"Home"}},{"@type":"ListItem","@id":"https:\/\/www.omasgegenrechts-dresden.de\/index.php\/2026\/09\/03\/bunt-statt-blau\/#listItem","position":3,"name":"Bunt statt Blau","previousItem":{"@type":"ListItem","@id":"https:\/\/www.omasgegenrechts-dresden.de\/index.php\/category\/aktivitaeten\/#listItem","name":"Aktivit\u00e4ten"}}]},{"@type":"Organization","@id":"https:\/\/www.omasgegenrechts-dresden.de\/#organization","name":"OMAS GEGEN RECHTS.DRESDEN","url":"https:\/\/www.omasgegenrechts-dresden.de\/","logo":{"@type":"ImageObject","url":"https:\/\/www.omasgegenrechts-dresden.de\/wp-content\/uploads\/2024\/01\/cropped-omas_600.jpg","@id":"https:\/\/www.omasgegenrechts-dresden.de\/index.php\/2026\/09\/03\/bunt-statt-blau\/#organizationLogo","width":512,"height":512,"caption":"OMAS GEGEN RECHTS DRESDEN"},"image":{"@id":"https:\/\/www.omasgegenrechts-dresden.de\/index.php\/2026\/09\/03\/bunt-statt-blau\/#organizationLogo"},"sameAs":["https:\/\/www.facebook.com\/OMAS-GEGEN-RECHTSDresden-110325594761180\/"]},{"@type":"Person","@id":"https:\/\/www.omasgegenrechts-dresden.de\/index.php\/author\/ogr\/#author","url":"https:\/\/www.omasgegenrechts-dresden.de\/index.php\/author\/ogr\/","name":"OGR.DD","image":{"@type":"ImageObject","@id":"https:\/\/www.omasgegenrechts-dresden.de\/index.php\/2026\/09\/03\/bunt-statt-blau\/#authorImage","url":"https:\/\/secure.gravatar.com\/avatar\/a08adf00a4137d3512fca4c6bc6472d3de0634670288850a061aa0715361f689?s=96&d=mm&r=g","width":96,"height":96,"caption":"OGR.DD"}},{"@type":"WebPage","@id":"https:\/\/www.omasgegenrechts-dresden.de\/index.php\/2026\/09\/03\/bunt-statt-blau\/#webpage","url":"https:\/\/www.omasgegenrechts-dresden.de\/index.php\/2026\/09\/03\/bunt-statt-blau\/","name":"Bunt statt Blau","description":"Der Freundeskreis f\u00fcr Demokratie in Gro\u00dfenhain zeigte der gleichzeitig stattfindenden blaubrauen AfD-Veranstaltung, dass Gro\u00dfenhain weltoffen ist.","inLanguage":"de-DE-formal","isPartOf":{"@id":"https:\/\/www.omasgegenrechts-dresden.de\/#website"},"breadcrumb":{"@id":"https:\/\/www.omasgegenrechts-dresden.de\/index.php\/2026\/09\/03\/bunt-statt-blau\/#breadcrumblist"},"author":{"@id":"https:\/\/www.omasgegenrechts-dresden.de\/index.php\/author\/ogr\/#author"},"creator":{"@id":"https:\/\/www.omasgegenrechts-dresden.de\/index.php\/author\/ogr\/#author"},"image":{"@type":"ImageObject","url":"https:\/\/www.omasgegenrechts-dresden.de\/wp-content\/uploads\/2026\/09\/Grossenhain-1.png","@id":"https:\/\/www.omasgegenrechts-dresden.de\/index.php\/2026\/09\/03\/bunt-statt-blau\/#mainImage","width":751,"height":560},"primaryImageOfPage":{"@id":"https:\/\/www.omasgegenrechts-dresden.de\/index.php\/2026\/09\/03\/bunt-statt-blau\/#mainImage"},"datePublished":"2026-09-03T16:35:42+02:00","dateModified":"2026-09-03T16:58:45+02:00"},{"@type":"WebSite","@id":"https:\/\/www.omasgegenrechts-dresden.de\/#website","url":"https:\/\/www.omasgegenrechts-dresden.de\/","name":"OMAS GEGEN RECHTS.DRESDEN","inLanguage":"de-DE-formal","publisher":{"@id":"https:\/\/www.omasgegenrechts-dresden.de\/#organization"}}]},"og:locale":"de_DE","og:site_name":"OMAS GEGEN RECHTS.DRESDEN -","og:type":"article","og:title":"Bunt statt Blau","og:description":"Der Freundeskreis f\u00fcr Demokratie in Gro\u00dfenhain zeigte der gleichzeitig stattfindenden blaubrauen AfD-Veranstaltung, dass Gro\u00dfenhain weltoffen ist.","og:url":"https:\/\/www.omasgegenrechts-dresden.de\/index.php\/2026\/09\/03\/bunt-statt-blau\/","og:image":"https:\/\/www.omasgegenrechts-dresden.de\/wp-content\/uploads\/2021\/11\/Picture1.jpg","og:image:secure_url":"https:\/\/www.omasgegenrechts-dresden.de\/wp-content\/uploads\/2021\/11\/Picture1.jpg","article:published_time":"2026-09-03T14:35:42+00:00","article:modified_time":"2026-09-03T14:58:45+00:00","article:publisher":"https:\/\/www.facebook.com\/OMAS-GEGEN-RECHTSDresden-110325594761180\/","twitter:card":"summary","twitter:title":"Bunt statt Blau","twitter:description":"Der Freundeskreis f\u00fcr Demokratie in Gro\u00dfenhain zeigte der gleichzeitig stattfindenden blaubrauen AfD-Veranstaltung, dass Gro\u00dfenhain weltoffen ist.","twitter:image":"https:\/\/www.omasgegenrechts-dresden.de\/wp-content\/uploads\/2021\/11\/Picture1.jpg"},"aioseo_meta_data":{"post_id":"3597","title":"Bunt statt Blau","description":"Der Freundeskreis f\u00fcr Demokratie in Gro\u00dfenhain zeigte der gleichzeitig stattfindenden blaubrauen AfD-Veranstaltung, dass Gro\u00dfenhain weltoffen ist.","keywords":null,"keyphrases":{"focus":{"keyphrase":"","score":0,"analysis":{"keyphraseInTitle":{"score":0,"maxScore":9,"error":1}}},"additional":[]},"primary_term":null,"canonical_url":null,"og_title":null,"og_description":null,"og_object_type":"default","og_image_type":"default","og_image_url":null,"og_image_width":null,"og_image_height":null,"og_image_custom_url":null,"og_image_custom_fields":null,"og_video":"","og_custom_url":null,"og_article_section":null,"og_article_tags":null,"twitter_use_og":false,"twitter_card":"default","twitter_image_type":"default","twitter_image_url":null,"twitter_image_custom_url":null,"twitter_image_custom_fields":null,"twitter_title":null,"twitter_description":null,"schema":{"blockGraphs":[],"customGraphs":[],"default":{"data":{"Article":[],"Course":[],"Dataset":[],"FAQPage":[],"Movie":[],"Person":[],"Product":[],"ProductReview":[],"Car":[],"Recipe":[],"Service":[],"SoftwareApplication":[],"WebPage":[]},"graphName":"BlogPosting","isEnabled":true},"graphs":[]},"schema_type":"default","schema_type_options":null,"pillar_content":false,"robots_default":true,"robots_noindex":false,"robots_noarchive":false,"robots_nosnippet":false,"robots_nofollow":false,"robots_noimageindex":false,"robots_noodp":false,"robots_notranslate":false,"robots_max_snippet":"-1","robots_max_videopreview":"-1","robots_max_imagepreview":"large","priority":null,"frequency":"default","local_seo":null,"breadcrumb_settings":null,"limit_modified_date":false,"ai":{"faqs":[],"keyPoints":[],"schemas":[],"titles":[],"descriptions":[],"socialPosts":{"email":{"subject":"","preview":"","content":""},"linkedin":[],"twitter":[],"facebook":[],"instagram":[]}},"created":"2026-09-03 14:35:42","updated":"2026-09-03 14:58:45","seo_analyzer_scan_date":null,"focus_keyword":null,"additional_keywords":null,"truseo_locale":null},"aioseo_breadcrumb":"<div class=\"aioseo-breadcrumbs\"><span class=\"aioseo-breadcrumb\">\n\t\t\t<a href=\"https:\/\/www.omasgegenrechts-dresden.de\" title=\"Home\">Home<\/a>\n\t\t<\/span><span class=\"aioseo-breadcrumb-separator\">\u203a<\/span><span class=\"aioseo-breadcrumb\">\n\t\t\t<a href=\"https:\/\/www.omasgegenrechts-dresden.de\/index.php\/category\/aktivitaeten\/\" title=\"Aktivit\u00e4ten\">Aktivit\u00e4ten<\/a>\n\t\t<\/span><span class=\"aioseo-breadcrumb-separator\">\u203a<\/span><span class=\"aioseo-breadcrumb\">\n\t\t\tBunt statt Blau\n\t\t<\/span><\/div>","aioseo_breadcrumb_json":[{"label":"Home","link":"https:\/\/www.omasgegenrechts-dresden.de"},{"label":"Aktivit\u00e4ten","link":"https:\/\/www.omasgegenrechts-dresden.de\/index.php\/category\/aktivitaeten\/"},{"label":"Bunt statt Blau","link":"https:\/\/www.omasgegenrechts-dresden.de\/index.php\/2026\/09\/03\/bunt-statt-blau\/"}],"_links":{"self":[{"href":"https:\/\/www.omasgegenrechts-dresden.de\/index.php\/wp-json\/wp\/v2\/posts\/3597","targetHints":{"allow":["GET"]}}],"collection":[{"href":"https:\/\/www.omasgegenrechts-dresden.de\/index.php\/wp-json\/wp\/v2\/posts"}],"about":[{"href":"https:\/\/www.omasgegenrechts-dresden.de\/index.php\/wp-json\/wp\/v2\/types\/post"}],"author":[{"embeddable":true,"href":"https:\/\/www.omasgegenrechts-dresden.de\/index.php\/wp-json\/wp\/v2\/users\/1"}],"replies":[{"embeddable":true,"href":"https:\/\/www.omasgegenrechts-dresden.de\/index.php\/wp-json\/wp\/v2\/comments?post=3597"}],"version-history":[{"count":4,"href":"https:\/\/www.omasgegenrechts-dresden.de\/index.php\/wp-json\/wp\/v2\/posts\/3597\/revisions"}],"predecessor-version":[{"id":3605,"href":"https:\/\/www.omasgegenrechts-dresden.de\/index.php\/wp-json\/wp\/v2\/posts\/3597\/revisions\/3605"}],"wp:featuredmedia":[{"embeddable":true,"href":"https:\/\/www.omasgegenrechts-dresden.de\/index.php\/wp-json\/wp\/v2\/media\/3602"}],"wp:attachment":[{"href":"https:\/\/www.omasgegenrechts-dresden.de\/index.php\/wp-json\/wp\/v2\/media?parent=3597"}],"wp:term":[{"taxonomy":"category","embeddable":true,"href":"https:\/\/www.omasgegenrechts-dresden.de\/index.php\/wp-json\/wp\/v2\/categories?post=3597"},{"taxonomy":"post_tag","embeddable":true,"href":"https:\/\/www.omasgegenrechts-dresden.de\/index.php\/wp-json\/wp\/v2\/tags?post=3597"}],"curies":[{"name":"wp","href":"https:\/\/api.w.org\/{rel}","templated":true}]}}