{"id":415,"date":"2022-11-10T09:00:00","date_gmt":"2022-11-10T08:00:00","guid":{"rendered":"https:\/\/www.omasgegenrechts-dresden.de\/?p=415"},"modified":"2022-11-11T14:04:39","modified_gmt":"2022-11-11T13:04:39","slug":"die-kleinste-demonstration-der-welt-am-9-nov-2022","status":"publish","type":"post","link":"https:\/\/www.omasgegenrechts-dresden.de\/index.php\/2022\/11\/10\/die-kleinste-demonstration-der-welt-am-9-nov-2022\/","title":{"rendered":"<strong>Die kleinste Demonstration der Welt am 9. Nov. 2022<\/strong>"},"content":{"rendered":"\n<p>Zur Erinnerung an die Reichskristallnacht 1938 hielten wir eine Mahnwache. Wir standen zu zweit vor dem Judenhaus in der Sporergasse. Es war zugig, bis eben hatte es genieselt. Eine Frau kam strahlend auf uns zu: \u201eSie sind wohl die kleinste Demonstration der Welt?\u201c<\/p>\n\n\n\n<!--more-->\n\n\n\n<div class=\"wp-block-media-text alignwide is-stacked-on-mobile\" style=\"grid-template-columns:35% auto\"><figure class=\"wp-block-media-text__media\"><img loading=\"lazy\" decoding=\"async\" width=\"768\" height=\"1024\" src=\"https:\/\/www.omasgegenrechts-dresden.de\/wp-content\/uploads\/2022\/11\/20221109_134746-768x1024.jpg\" alt=\"\" class=\"wp-image-416 size-full\" srcset=\"https:\/\/www.omasgegenrechts-dresden.de\/wp-content\/uploads\/2022\/11\/20221109_134746-768x1024.jpg 768w, https:\/\/www.omasgegenrechts-dresden.de\/wp-content\/uploads\/2022\/11\/20221109_134746-225x300.jpg 225w, https:\/\/www.omasgegenrechts-dresden.de\/wp-content\/uploads\/2022\/11\/20221109_134746-1152x1536.jpg 1152w, https:\/\/www.omasgegenrechts-dresden.de\/wp-content\/uploads\/2022\/11\/20221109_134746-1536x2048.jpg 1536w, https:\/\/www.omasgegenrechts-dresden.de\/wp-content\/uploads\/2022\/11\/20221109_134746-scaled.jpg 1920w\" sizes=\"auto, (max-width: 768px) 100vw, 768px\" \/><\/figure><div class=\"wp-block-media-text__content\">\n<p> Mit dieser lustigen Wahrnehmung ging es uns gleich besser. Unerwartet kam unsere treue Fan-Frau mit ihren 80 angeradelt und steckte uns eine Rose ans Schild. Wir erz\u00e4hlten ihr von dem Judenhaus. Es gab keine Gedenktafel. Das fanden wir alle drei unm\u00f6glich. Sofort eilte sie in den gegen\u00fcberliegenden B\u00e4ckerladen, begl\u00fcckte uns mit Kuchen und schrieb auf den eckigen Pappteller \u201eHier war ein Judenhaus\u201c. Das klemmten wir unter das Schild mit den historischen Daten und fanden das sofort sehr originell.<\/p>\n<\/div><\/div>\n\n\n\n<div class=\"wp-block-media-text alignwide has-media-on-the-right is-stacked-on-mobile\" style=\"grid-template-columns:auto 43%\"><div class=\"wp-block-media-text__content\">\n<p>Was uns allerdings irritierte, war, dass wir zu zweit blieben. Endlich kam Ina und sagte, dass sie am anderen Ende der Gasse stehen und dort auch eine Gedenktafel sei. Wir zogen um, unser Pappschild nahmen wir mit.<\/p>\n<\/div><figure class=\"wp-block-media-text__media\"><img loading=\"lazy\" decoding=\"async\" width=\"1024\" height=\"768\" src=\"https:\/\/www.omasgegenrechts-dresden.de\/wp-content\/uploads\/2022\/11\/20221109_144417-1024x768.jpg\" alt=\"Mahnwache zur Erinnerung an die Reichskristallnacht\" class=\"wp-image-417 size-full\" srcset=\"https:\/\/www.omasgegenrechts-dresden.de\/wp-content\/uploads\/2022\/11\/20221109_144417-1024x768.jpg 1024w, https:\/\/www.omasgegenrechts-dresden.de\/wp-content\/uploads\/2022\/11\/20221109_144417-300x225.jpg 300w, https:\/\/www.omasgegenrechts-dresden.de\/wp-content\/uploads\/2022\/11\/20221109_144417-768x576.jpg 768w, https:\/\/www.omasgegenrechts-dresden.de\/wp-content\/uploads\/2022\/11\/20221109_144417-1536x1152.jpg 1536w, https:\/\/www.omasgegenrechts-dresden.de\/wp-content\/uploads\/2022\/11\/20221109_144417-2048x1536.jpg 2048w\" sizes=\"auto, (max-width: 1024px) 100vw, 1024px\" \/><\/figure><\/div>\n\n\n\n<p>Ich liebe es, die Leute auf der Stra\u00dfe anzusprechen. Wir hatten dazu einen Grund und konnten die unterschiedlichsten Reaktionen verbuchen:<\/p>\n\n\n\n<ol class=\"wp-block-list\">\n<li>An den Gesichtern der Passanten sehen wir schon, ob sie angesprochen werden wollen oder lieber nicht. Die schauen bewusst weg, fliehen f\u00f6rmlich oder haben keine Zeit.<\/li>\n\n\n\n<li>Wir sind f\u00fcr manche ein \u00c4rgernis, z.B. f\u00fcr die beiden Verk\u00e4uferinnen aus den gegen\u00fcberliegenden kleinen L\u00e4den, in deren Raucherecke wir etwas gesch\u00fctzt vor dem Zug standen.<\/li>\n\n\n\n<li>Wir werden provozierend angesprochen: \u201eNa, alles Nazis hier? Ich w\u00e4hle die AfD! Sie denken doch, dass wir alle Nazis sind!\u201c Eine Frau eilt vor\u00fcber: \u201eSie hassen alle Russen!\u201c Reden wollten sie nicht mit uns. Schade, so konnten sie gar nicht erfahren, was wir wirklich denken.<\/li>\n\n\n\n<li>Wir bekommen viel Zuspruch: Ein Mann mit Sch\u00fcrze kam direkt auf uns zu: \u201eVon ihnen habe ich noch gar nichts geh\u00f6rt!\u201c Ich wies ihn auf die Gedenktafel hin. Er las sie aufmerksam und war ganz betroffen: \u201eWissen sie, ich arbeite schon seit f\u00fcnf Jahren hier schr\u00e4g gegen\u00fcber in dem Eisladen, und ich habe diese Tafel noch nie gesehen!\u201c Er bedankt sich sehr ger\u00fchrt.<\/li>\n<\/ol>\n\n\n\n<p>\u2026 Und eine junge Frau lief gesch\u00e4ftigen Schrittes an uns vor\u00fcber und rief uns zu: \u201eIch bin zwar noch keine Oma, aber sie haben recht!\u201c<\/p>\n\n\n\n<p class=\"has-text-align-right\">Monika<\/p>\n\n\n\n<hr class=\"wp-block-separator has-alpha-channel-opacity\"\/>\n\n\n\n<p>Heute: Mahnwache. Wir waren mehrere, -haben uns immer abgewechselt, jede 1-2 Stunden, waren aber die kleinste Demo heute in der Stadt :-), die Polizei hat dennoch \u00fcberpr\u00fcft, muss ja\u2026<\/p>\n\n\n\n<p>Hatten von Passanten heute viel Zuspruch: Daumen hoch, weiter so, super, gut,dass ihr das macht, gebt nicht auf, Bewunderung f\u00fcr Euch, danke, dass ihr das macht, auch f\u00fcr uns (meist junge Leute) oder, bin noch lange keine Oma, aber ihr habt ja sooo recht!<\/p>\n\n\n\n<p>Bisschen witzig: zwei M\u00e4nner gingen in einer 4er Gruppe vorbei, 2 sprachen Englisch, die anderen beiden zeigten sich interessiert, wir erkl\u00e4rten den Grund der Mahnwache vor dem ehemaligen Judenhaus (Sammlung zur Deportation) verweisen auf den 9. November usw., sagte der eine sehr freundlich, ja wir kennen das, wir sind Historiker und freuen uns, dass sie sich engagieren. Unseren Flyer nahm er mit, versprach, ihn durchzulesen\u2026<\/p>\n\n\n\n<p class=\"has-text-align-right\">Sigrid<\/p>\n","protected":false},"excerpt":{"rendered":"<p>Zur Erinnerung an die Reichskristallnacht 1938 hielten wir eine Mahnwache. Wir standen zu zweit vor dem Judenhaus in der Sporergasse. Es war zugig, bis eben hatte es genieselt. Eine Frau kam strahlend auf uns zu: \u201eSie sind wohl die kleinste Demonstration der Welt?\u201c<\/p>\n","protected":false},"author":1,"featured_media":0,"comment_status":"closed","ping_status":"closed","sticky":false,"template":"","format":"standard","meta":{"om_disable_all_campaigns":false,"_monsterinsights_skip_tracking":false,"_monsterinsights_sitenote_active":false,"_monsterinsights_sitenote_note":"","_monsterinsights_sitenote_category":0,"footnotes":""},"categories":[10],"tags":[],"class_list":["post-415","post","type-post","status-publish","format-standard","hentry","category-aktivitaeten"],"aioseo_notices":[],"_links":{"self":[{"href":"https:\/\/www.omasgegenrechts-dresden.de\/index.php\/wp-json\/wp\/v2\/posts\/415","targetHints":{"allow":["GET"]}}],"collection":[{"href":"https:\/\/www.omasgegenrechts-dresden.de\/index.php\/wp-json\/wp\/v2\/posts"}],"about":[{"href":"https:\/\/www.omasgegenrechts-dresden.de\/index.php\/wp-json\/wp\/v2\/types\/post"}],"author":[{"embeddable":true,"href":"https:\/\/www.omasgegenrechts-dresden.de\/index.php\/wp-json\/wp\/v2\/users\/1"}],"replies":[{"embeddable":true,"href":"https:\/\/www.omasgegenrechts-dresden.de\/index.php\/wp-json\/wp\/v2\/comments?post=415"}],"version-history":[{"count":6,"href":"https:\/\/www.omasgegenrechts-dresden.de\/index.php\/wp-json\/wp\/v2\/posts\/415\/revisions"}],"predecessor-version":[{"id":461,"href":"https:\/\/www.omasgegenrechts-dresden.de\/index.php\/wp-json\/wp\/v2\/posts\/415\/revisions\/461"}],"wp:attachment":[{"href":"https:\/\/www.omasgegenrechts-dresden.de\/index.php\/wp-json\/wp\/v2\/media?parent=415"}],"wp:term":[{"taxonomy":"category","embeddable":true,"href":"https:\/\/www.omasgegenrechts-dresden.de\/index.php\/wp-json\/wp\/v2\/categories?post=415"},{"taxonomy":"post_tag","embeddable":true,"href":"https:\/\/www.omasgegenrechts-dresden.de\/index.php\/wp-json\/wp\/v2\/tags?post=415"}],"curies":[{"name":"wp","href":"https:\/\/api.w.org\/{rel}","templated":true}]}}