{"id":505,"date":"2023-02-15T12:49:09","date_gmt":"2023-02-15T11:49:09","guid":{"rendered":"https:\/\/www.omasgegenrechts-dresden.de\/?p=505"},"modified":"2023-02-15T12:49:09","modified_gmt":"2023-02-15T11:49:09","slug":"mahnwache-am-13-februar","status":"publish","type":"post","link":"https:\/\/www.omasgegenrechts-dresden.de\/index.php\/2023\/02\/15\/mahnwache-am-13-februar\/","title":{"rendered":"Mahnwache am 13. Februar"},"content":{"rendered":"\n<div class=\"wp-block-media-text alignwide is-stacked-on-mobile\" style=\"grid-template-columns:36% auto\"><figure class=\"wp-block-media-text__media\"><img loading=\"lazy\" decoding=\"async\" width=\"576\" height=\"1024\" src=\"https:\/\/www.omasgegenrechts-dresden.de\/wp-content\/uploads\/2023\/02\/Holocaust-Gedenktafel-576x1024.jpeg\" alt=\"\" class=\"wp-image-507 size-full\" srcset=\"https:\/\/www.omasgegenrechts-dresden.de\/wp-content\/uploads\/2023\/02\/Holocaust-Gedenktafel-576x1024.jpeg 576w, https:\/\/www.omasgegenrechts-dresden.de\/wp-content\/uploads\/2023\/02\/Holocaust-Gedenktafel-169x300.jpeg 169w, https:\/\/www.omasgegenrechts-dresden.de\/wp-content\/uploads\/2023\/02\/Holocaust-Gedenktafel-768x1365.jpeg 768w, https:\/\/www.omasgegenrechts-dresden.de\/wp-content\/uploads\/2023\/02\/Holocaust-Gedenktafel-864x1536.jpeg 864w, https:\/\/www.omasgegenrechts-dresden.de\/wp-content\/uploads\/2023\/02\/Holocaust-Gedenktafel.jpeg 1152w\" sizes=\"auto, (max-width: 576px) 100vw, 576px\" \/><\/figure><div class=\"wp-block-media-text__content\">\n<p>An diesem Tag hatten wir uns zur <a href=\"https:\/\/www.omasgegenrechts-dresden.de\/index.php\/2023\/02\/06\/mahnwache-fuer-frieden-gegen-krieg-und-gewalt-ueberall-im-gedenken-an-die-opfer-des-holocaust-in-dresden\/\">Mahnwache f\u00fcr Frieden \u2013 gegen Krieg und Gewalt \u00fcberall \u2013 im Gedenken an die Opfer des Holocaust in Dresden<\/a> an der Gedenktafel zum Holocaust an der Kreuzkirche verabredet und standen von 10 bis 17 Uhr mal zu viert, mal zu acht, mit der Regenbogen-Peace-Fahne und unseren Schildern dort.<\/p>\n\n\n\n<p><strong>Wir wurden nicht nur von den f\u00fcr den Einsatz bereit stehenden Polizeiautos wahrgenommen, es gab nat\u00fcrlich auch von Passanten die unterschiedlichsten Reaktionen.<\/strong> Diese reichten von Daumen hoch oder Kopfsch\u00fctteln im Vorbeigehen bis zu Nachfragen und auch l\u00e4ngeren Gespr\u00e4chen zu unserem Ansinnen.<\/p>\n<\/div><\/div>\n\n\n\n<p>Ein betagter Mann mit Rollator, welcher die Bombennacht selbst miterlebt hatte, fragte z.B. nach einer offiziellen Kranzniederlegung. Ein P\u00e4rchen aus Bremen wollte wissen, wieso so viel Polizei in der Stadt ist, nahm dann freundlich unseren Flyer entgegen und berichtet hoffentlich zu Hause von den OMAS. Ich wurde auch mehrmals gefragt, was&#8230; gegen Rechts hei\u00dft und konnte dann \u00fcber unsere eigenen Gespr\u00e4che zur Namensgebung der Gruppe verweisen und auch erkl\u00e4ren, WOF\u00dcR wir sind. <\/p>\n\n\n\n<div class=\"wp-block-media-text alignwide has-media-on-the-right is-stacked-on-mobile\" style=\"grid-template-columns:auto 48%\"><div class=\"wp-block-media-text__content\">\n<p>F\u00fcr mich waren die Gespr\u00e4che interessant, auch anstrengend und sind mir noch bis in den Abend nachgegangen. <strong>Mein Fazit: wer miteinander spricht, findet mitunter noch einen kleinen gemeinsamen Nenner.<\/strong> <\/p>\n<\/div><figure class=\"wp-block-media-text__media\"><img loading=\"lazy\" decoding=\"async\" width=\"1024\" height=\"576\" src=\"https:\/\/www.omasgegenrechts-dresden.de\/wp-content\/uploads\/2023\/02\/Mahnwache-2-1024x576.jpeg\" alt=\"Mahnwache am 13. Februar vor der Kreuzkirche (4 Frauen mit Peace-Fahne und Plakaten)\" class=\"wp-image-508 size-full\" srcset=\"https:\/\/www.omasgegenrechts-dresden.de\/wp-content\/uploads\/2023\/02\/Mahnwache-2-1024x576.jpeg 1024w, https:\/\/www.omasgegenrechts-dresden.de\/wp-content\/uploads\/2023\/02\/Mahnwache-2-300x169.jpeg 300w, https:\/\/www.omasgegenrechts-dresden.de\/wp-content\/uploads\/2023\/02\/Mahnwache-2-768x432.jpeg 768w, https:\/\/www.omasgegenrechts-dresden.de\/wp-content\/uploads\/2023\/02\/Mahnwache-2-1536x864.jpeg 1536w, https:\/\/www.omasgegenrechts-dresden.de\/wp-content\/uploads\/2023\/02\/Mahnwache-2.jpeg 2048w\" sizes=\"auto, (max-width: 1024px) 100vw, 1024px\" \/><\/figure><\/div>\n\n\n\n<p>Ich selbst habe in diesem Jahr keine grobe Anfeindung erlebt, obwohl deutlich zu merken war, dass seit dem Ukrainekrieg ein weiteres Konfliktthema pr\u00e4sent ist. Und \u00fcber den B\u00e4ckergutschein (warmer Kaffee gegen kalte F\u00fc\u00dfe) f\u00fcr die OMAS, gespendet von Dresden-Besuchern, freuen wir uns nat\u00fcrlich besonders.<\/p>\n\n\n\n<p class=\"has-text-align-right\">Beate<\/p>\n","protected":false},"excerpt":{"rendered":"<p>An diesem Tag hatten wir uns zur Mahnwache f\u00fcr Frieden \u2013 gegen Krieg und Gewalt \u00fcberall \u2013 im Gedenken an die Opfer des Holocaust in Dresden an der Gedenktafel zum Holocaust an der Kreuzkirche verabredet und standen von 10 bis 17 Uhr mal zu viert, mal zu acht, mit der Regenbogen-Peace-Fahne und unseren Schildern dort. Wir wurden nicht nur von<\/p>\n","protected":false},"author":1,"featured_media":506,"comment_status":"closed","ping_status":"closed","sticky":false,"template":"","format":"standard","meta":{"om_disable_all_campaigns":false,"_monsterinsights_skip_tracking":false,"_monsterinsights_sitenote_active":false,"_monsterinsights_sitenote_note":"","_monsterinsights_sitenote_category":0,"footnotes":""},"categories":[10],"tags":[],"class_list":["post-505","post","type-post","status-publish","format-standard","has-post-thumbnail","hentry","category-aktivitaeten"],"aioseo_notices":[],"_links":{"self":[{"href":"https:\/\/www.omasgegenrechts-dresden.de\/index.php\/wp-json\/wp\/v2\/posts\/505","targetHints":{"allow":["GET"]}}],"collection":[{"href":"https:\/\/www.omasgegenrechts-dresden.de\/index.php\/wp-json\/wp\/v2\/posts"}],"about":[{"href":"https:\/\/www.omasgegenrechts-dresden.de\/index.php\/wp-json\/wp\/v2\/types\/post"}],"author":[{"embeddable":true,"href":"https:\/\/www.omasgegenrechts-dresden.de\/index.php\/wp-json\/wp\/v2\/users\/1"}],"replies":[{"embeddable":true,"href":"https:\/\/www.omasgegenrechts-dresden.de\/index.php\/wp-json\/wp\/v2\/comments?post=505"}],"version-history":[{"count":4,"href":"https:\/\/www.omasgegenrechts-dresden.de\/index.php\/wp-json\/wp\/v2\/posts\/505\/revisions"}],"predecessor-version":[{"id":514,"href":"https:\/\/www.omasgegenrechts-dresden.de\/index.php\/wp-json\/wp\/v2\/posts\/505\/revisions\/514"}],"wp:featuredmedia":[{"embeddable":true,"href":"https:\/\/www.omasgegenrechts-dresden.de\/index.php\/wp-json\/wp\/v2\/media\/506"}],"wp:attachment":[{"href":"https:\/\/www.omasgegenrechts-dresden.de\/index.php\/wp-json\/wp\/v2\/media?parent=505"}],"wp:term":[{"taxonomy":"category","embeddable":true,"href":"https:\/\/www.omasgegenrechts-dresden.de\/index.php\/wp-json\/wp\/v2\/categories?post=505"},{"taxonomy":"post_tag","embeddable":true,"href":"https:\/\/www.omasgegenrechts-dresden.de\/index.php\/wp-json\/wp\/v2\/tags?post=505"}],"curies":[{"name":"wp","href":"https:\/\/api.w.org\/{rel}","templated":true}]}}