{"id":518,"date":"2023-02-19T18:58:25","date_gmt":"2023-02-19T17:58:25","guid":{"rendered":"https:\/\/www.omasgegenrechts-dresden.de\/?p=518"},"modified":"2023-02-19T20:09:29","modified_gmt":"2023-02-19T19:09:29","slug":"mahngang-taeterinnenspuren-2023","status":"publish","type":"post","link":"https:\/\/www.omasgegenrechts-dresden.de\/index.php\/2023\/02\/19\/mahngang-taeterinnenspuren-2023\/","title":{"rendered":"Mahngang T\u00e4ter*innenspuren 2023"},"content":{"rendered":"\n<p>Heute veranstaltete <a href=\"https:\/\/dresden-nazifrei.com\/\" target=\"_blank\" rel=\"noopener\" title=\"Dresden Nazifrei\">Dresden Nazifrei<\/a> den bereits traditionellen <a href=\"https:\/\/dresden-nazifrei.com\/mahngang-taeterinnenspuren-2023\/\" target=\"_blank\" rel=\"noopener\" title=\"Mahngang T\u00e4ter*innenspuren 2023\">Mahngang T\u00e4ter*innenspuren 2023<\/a> in Dresden. Thema war in diesem Jahr die Einflussnahme der Nazis auf die Kunst, welches aus Anlass der Ausstellung \u201eEntartete Kunst\u201c vor 90 Jahren in Dresden gew\u00e4hlt worden war. <\/p>\n\n\n\n<!--more-->\n\n\n\n<p>An drei Stationen wurde aufgezeigt, wie die Nazis in die Theaterwelt, in die Malerei und Bildende Kunst sowie die Lehre hier in Dresden eingegriffen&nbsp;haben. Ich habe mir diese Chance, etwas mehr \u00fcber diese Themen zu erfahren, nicht entgehen lassen.<\/p>\n\n\n\n<p>Start war am Theaterplatz, und zwar mit einem kleinen, aber feinen &#8220;Kulturprogramm&#8221; &#8211; vielen Dank an die engagierten K\u00fcnstler*innen der Semperoper! An dieser ersten Station des Mahnganges ging es um den Einfluss der Nazis im Theater. Bereits die Einleitung \u00fcber Richard Wagners Schwiegertochter <a href=\"https:\/\/de.wikipedia.org\/wiki\/Winifred_Wagner\" target=\"_blank\" rel=\"noopener\" title=\"Winifred Wagner\">Winifred Wagner<\/a> war erhellend, ebenso die Geschichte \u00fcber die Vertreibung des Generalmusikdirektors der Semperoper, <a href=\"https:\/\/de.wikipedia.org\/wiki\/Fritz_Busch\" target=\"_blank\" rel=\"noopener\" title=\"Fritz Busch\">Fritz Busch<\/a>, direkt vor Beginn einer Rigoletto-Vorstellung vom Pult durch SA-M\u00e4nner im Auftrag des NSDAP-Gaukunstwarts Alexis Posse.<\/p>\n\n\n\n<div class=\"wp-block-media-text alignwide is-stacked-on-mobile\" style=\"grid-template-columns:38% auto\"><figure class=\"wp-block-media-text__media\"><img loading=\"lazy\" decoding=\"async\" width=\"768\" height=\"1024\" src=\"https:\/\/www.omasgegenrechts-dresden.de\/wp-content\/uploads\/2023\/02\/2023-02-19-14.46.24-768x1024.jpg\" alt=\"Mahngang T\u00e4ter*innenspuren 2023\" class=\"wp-image-520 size-full\" srcset=\"https:\/\/www.omasgegenrechts-dresden.de\/wp-content\/uploads\/2023\/02\/2023-02-19-14.46.24-768x1024.jpg 768w, https:\/\/www.omasgegenrechts-dresden.de\/wp-content\/uploads\/2023\/02\/2023-02-19-14.46.24-225x300.jpg 225w, https:\/\/www.omasgegenrechts-dresden.de\/wp-content\/uploads\/2023\/02\/2023-02-19-14.46.24-1152x1536.jpg 1152w, https:\/\/www.omasgegenrechts-dresden.de\/wp-content\/uploads\/2023\/02\/2023-02-19-14.46.24-1536x2048.jpg 1536w, https:\/\/www.omasgegenrechts-dresden.de\/wp-content\/uploads\/2023\/02\/2023-02-19-14.46.24-scaled.jpg 1920w\" sizes=\"auto, (max-width: 768px) 100vw, 768px\" \/><\/figure><div class=\"wp-block-media-text__content\">\n<p>Zweite Station war am Rathausplatz, dort ging es um die Ausstellung \u201eEntartete Kunst\u201c in Dresden und damit verbundene Biografien. Diese Ausstellung war sozusagen der Vorl\u00e4ufer (und Namensgeber) der <a href=\"https:\/\/de.wikipedia.org\/wiki\/Entartete_Kunst_(Ausstellung)\" target=\"_blank\" rel=\"noreferrer noopener\">gleichnamigen NS-Propagandaausstellung<\/a> 1937 in M\u00fcnchen.<\/p>\n\n\n\n<p>An der Hochschule f\u00fcr bildende K\u00fcnste schlie\u00dflich wurde der Bogen zur Gegenwart geschlossen und auf die am selben Abend noch in Dresden stattfindende Gedenkkundgebung zu Hanau hingewiesen.<\/p>\n<\/div><\/div>\n\n\n\n<p>Mein Fazit: Ich habe einiges Interessante dazugelernt und kann diese Veranstaltung (die bestimmt auch im n\u00e4chsten Jahr wieder stattfinden wird) allen B\u00fcrger*innen und G\u00e4sten Dresdens nur ans Herz legen!<\/p>\n","protected":false},"excerpt":{"rendered":"<p>Heute veranstaltete Dresden Nazifrei den bereits traditionellen Mahngang T\u00e4ter*innenspuren 2023 in Dresden. Thema war in diesem Jahr die Einflussnahme der Nazis auf die Kunst, welches aus Anlass der Ausstellung \u201eEntartete Kunst\u201c vor 90 Jahren in Dresden gew\u00e4hlt worden war.<\/p>\n","protected":false},"author":4,"featured_media":519,"comment_status":"closed","ping_status":"closed","sticky":false,"template":"","format":"standard","meta":{"om_disable_all_campaigns":false,"_monsterinsights_skip_tracking":false,"_monsterinsights_sitenote_active":false,"_monsterinsights_sitenote_note":"","_monsterinsights_sitenote_category":0,"footnotes":""},"categories":[10],"tags":[],"class_list":["post-518","post","type-post","status-publish","format-standard","has-post-thumbnail","hentry","category-aktivitaeten"],"aioseo_notices":[],"_links":{"self":[{"href":"https:\/\/www.omasgegenrechts-dresden.de\/index.php\/wp-json\/wp\/v2\/posts\/518","targetHints":{"allow":["GET"]}}],"collection":[{"href":"https:\/\/www.omasgegenrechts-dresden.de\/index.php\/wp-json\/wp\/v2\/posts"}],"about":[{"href":"https:\/\/www.omasgegenrechts-dresden.de\/index.php\/wp-json\/wp\/v2\/types\/post"}],"author":[{"embeddable":true,"href":"https:\/\/www.omasgegenrechts-dresden.de\/index.php\/wp-json\/wp\/v2\/users\/4"}],"replies":[{"embeddable":true,"href":"https:\/\/www.omasgegenrechts-dresden.de\/index.php\/wp-json\/wp\/v2\/comments?post=518"}],"version-history":[{"count":4,"href":"https:\/\/www.omasgegenrechts-dresden.de\/index.php\/wp-json\/wp\/v2\/posts\/518\/revisions"}],"predecessor-version":[{"id":524,"href":"https:\/\/www.omasgegenrechts-dresden.de\/index.php\/wp-json\/wp\/v2\/posts\/518\/revisions\/524"}],"wp:featuredmedia":[{"embeddable":true,"href":"https:\/\/www.omasgegenrechts-dresden.de\/index.php\/wp-json\/wp\/v2\/media\/519"}],"wp:attachment":[{"href":"https:\/\/www.omasgegenrechts-dresden.de\/index.php\/wp-json\/wp\/v2\/media?parent=518"}],"wp:term":[{"taxonomy":"category","embeddable":true,"href":"https:\/\/www.omasgegenrechts-dresden.de\/index.php\/wp-json\/wp\/v2\/categories?post=518"},{"taxonomy":"post_tag","embeddable":true,"href":"https:\/\/www.omasgegenrechts-dresden.de\/index.php\/wp-json\/wp\/v2\/tags?post=518"}],"curies":[{"name":"wp","href":"https:\/\/api.w.org\/{rel}","templated":true}]}}