{"id":525,"date":"2023-02-20T20:52:33","date_gmt":"2023-02-20T19:52:33","guid":{"rendered":"https:\/\/www.omasgegenrechts-dresden.de\/?p=525"},"modified":"2023-02-28T22:11:44","modified_gmt":"2023-02-28T21:11:44","slug":"austausch-mit-kassem-taher-saleh-zur-letzten-generation-und-anderen-themen","status":"publish","type":"post","link":"https:\/\/www.omasgegenrechts-dresden.de\/index.php\/2023\/02\/20\/austausch-mit-kassem-taher-saleh-zur-letzten-generation-und-anderen-themen\/","title":{"rendered":"Austausch mit Kassem Taher Saleh zur Letzten Generation und anderen Themen"},"content":{"rendered":"\n<p>Im Januar hatten wir ein <a href=\"https:\/\/www.omasgegenrechts-dresden.de\/index.php\/2023\/01\/17\/die-omas-gegen-rechts-dresden-wenden-sich-gegen-die-kriminalisierung-der-letzten-generation\/\" target=\"_blank\" rel=\"noopener\" title=\"Statement gegen die Kriminalisierung der Letzten Generation\">Statement gegen die Kriminalisierung der Letzten Generation<\/a> ver\u00f6ffentlicht und auch an die MdB der demokratischen Parteien in Dresden geschickt. Der MdB der B\u00dcNDNISGR\u00dcNEN, <a href=\"https:\/\/www.kassem-taher-saleh.de\/\" target=\"_blank\" rel=\"noreferrer noopener\">Kassem Taher Saleh<\/a>, reagierte auf unsere Botschaft.<\/p>\n\n\n\n<!--more-->\n\n\n\n<p>Uns erreichte die Mitteilung, dass Kassem unser Anliegen teilt und unsere Impulse zu diesem Thema in seine politische Arbeit mit aufnimmt. Zudem wurden wir zu einem Austausch zu diesem und weiteren Themen eingeladen. Heute nun hatten wir zu dritt ein Treffen mit Kassem. Folgende Themen haben wir besprochen:<\/p>\n\n\n\n<ul class=\"wp-block-list\">\n<li>Die B\u00dcNDNISGR\u00dcNEN in Bundestag und Regierung m\u00fcssten aus unserer Sicht die Anliegen der Letzten Generation st\u00e4rker unterst\u00fctzen, wenn auch nicht uneingeschr\u00e4nkt ihre Aktionsformen.<\/li>\n\n\n\n<li>Die B\u00dcNDNISGR\u00dcNEN sollten st\u00e4rker deutlich machen, dass der mangelnde Wille zur Umsetzung von Klimaschutz-Ma\u00dfnahmen ein Gesetzesversto\u00df ist.<\/li>\n\n\n\n<li>Au\u00dferdem sprachen wir mit Kassem \u00fcber das Thema Frieden f\u00fcr die Ukraine. Er sagte uns, dass es bei den B\u00dcNDNISGR\u00dcNEN durchaus Bef\u00fcrworter einer diplomatischen L\u00f6sung gebe. Nichtsdestotrotz findet Kassem, dass der Ukraine gerade unsere vollste Unterst\u00fctzung mit allen vertretbaren Mitteln zustehe. Wenn die Ukraine verliere, verlieren wir alle, der Schl\u00fcssel dagegen liege in Moskau. Wir baten ihn, wie in unserem <a href=\"https:\/\/www.omasgegenrechts-dresden.de\/index.php\/2022\/05\/05\/offener-brief-an-dresdner-bundestagsabgeordnete\/\" target=\"_blank\" rel=\"noopener\" title=\"Brief vom Mai letzten Jahres\">Brief vom Mai letzten Jahres<\/a>, das Bem\u00fchen um Frieden nicht aufzugeben.<\/li>\n\n\n\n<li>Das abschlie\u00dfende Thema war der Kampf gegen Rechts. Die B\u00dcNDNISGR\u00dcNEN in Bund, Land und in der Stadt Dresden sollten nach unserer Ansicht die Zivilgesellschaft auf diesem Gebiet st\u00e4rker unterst\u00fctzen. Kassem betonte das langj\u00e4hrige und vielseitige B\u00dcNDNISGR\u00dcNE Engagement im Kampf gegen Rechts, vor allem von Ortsgruppen im l\u00e4ndlichen Raum und ostdeutschen Kleinst\u00e4dten. Es brauche aber auch mehr Solidarit\u00e4t und Unterst\u00fctzung f\u00fcr zivilgesellschaftliche Akteur*innen.<\/li>\n<\/ul>\n\n\n\n<p class=\"has-text-align-right\">Helga, Astrid, Dorrit<\/p>\n","protected":false},"excerpt":{"rendered":"<p>Im Januar hatten wir ein Statement gegen die Kriminalisierung der Letzten Generation ver\u00f6ffentlicht und auch an die MdB der demokratischen Parteien in Dresden geschickt. Der MdB der B\u00dcNDNISGR\u00dcNEN, Kassem Taher Saleh, reagierte auf unsere Botschaft.<\/p>\n","protected":false},"author":1,"featured_media":0,"comment_status":"closed","ping_status":"closed","sticky":false,"template":"","format":"standard","meta":{"om_disable_all_campaigns":false,"_monsterinsights_skip_tracking":false,"_monsterinsights_sitenote_active":false,"_monsterinsights_sitenote_note":"","_monsterinsights_sitenote_category":0,"footnotes":""},"categories":[10],"tags":[],"class_list":["post-525","post","type-post","status-publish","format-standard","hentry","category-aktivitaeten"],"aioseo_notices":[],"_links":{"self":[{"href":"https:\/\/www.omasgegenrechts-dresden.de\/index.php\/wp-json\/wp\/v2\/posts\/525","targetHints":{"allow":["GET"]}}],"collection":[{"href":"https:\/\/www.omasgegenrechts-dresden.de\/index.php\/wp-json\/wp\/v2\/posts"}],"about":[{"href":"https:\/\/www.omasgegenrechts-dresden.de\/index.php\/wp-json\/wp\/v2\/types\/post"}],"author":[{"embeddable":true,"href":"https:\/\/www.omasgegenrechts-dresden.de\/index.php\/wp-json\/wp\/v2\/users\/1"}],"replies":[{"embeddable":true,"href":"https:\/\/www.omasgegenrechts-dresden.de\/index.php\/wp-json\/wp\/v2\/comments?post=525"}],"version-history":[{"count":10,"href":"https:\/\/www.omasgegenrechts-dresden.de\/index.php\/wp-json\/wp\/v2\/posts\/525\/revisions"}],"predecessor-version":[{"id":560,"href":"https:\/\/www.omasgegenrechts-dresden.de\/index.php\/wp-json\/wp\/v2\/posts\/525\/revisions\/560"}],"wp:attachment":[{"href":"https:\/\/www.omasgegenrechts-dresden.de\/index.php\/wp-json\/wp\/v2\/media?parent=525"}],"wp:term":[{"taxonomy":"category","embeddable":true,"href":"https:\/\/www.omasgegenrechts-dresden.de\/index.php\/wp-json\/wp\/v2\/categories?post=525"},{"taxonomy":"post_tag","embeddable":true,"href":"https:\/\/www.omasgegenrechts-dresden.de\/index.php\/wp-json\/wp\/v2\/tags?post=525"}],"curies":[{"name":"wp","href":"https:\/\/api.w.org\/{rel}","templated":true}]}}