{"id":609,"date":"2023-05-16T22:15:29","date_gmt":"2023-05-16T20:15:29","guid":{"rendered":"https:\/\/www.omasgegenrechts-dresden.de\/?p=609"},"modified":"2023-05-17T15:23:20","modified_gmt":"2023-05-17T13:23:20","slug":"was-die-omas-mit-sprache-und-anti-diskriminierung-zu-tun-haben","status":"publish","type":"post","link":"https:\/\/www.omasgegenrechts-dresden.de\/index.php\/2023\/05\/16\/was-die-omas-mit-sprache-und-anti-diskriminierung-zu-tun-haben\/","title":{"rendered":"Was die OMAS mit Sprache und (Anti-)Diskriminierung zu tun haben"},"content":{"rendered":"\n<p>OMAS GEGEN RECHTS sind in ganz Deutschland (und auch dar\u00fcber hinaus) aktiv und haben meistens alle H\u00e4nde voll zu tun mit dem &#8220;Tagesgesch\u00e4ft&#8221; in der jeweiligen Region, oder sogar unterst\u00fctzend in anderen Regionen. Gelegentlich nehmen sie sich aber auch Zeit, um gemeinsam in Klausur zu gehen, sich weiterzubilden und aufzutanken f\u00fcr kommende Aufgaben. Letztes Wochenende war es wieder so weit: Vom 12. bis 14.05. trafen sich Vertreter*innen von 11 Regionalgruppen des <a href=\"https:\/\/omasgegenrechts-deutschland.de\/\" target=\"_blank\" rel=\"noopener\" title=\"\">Deutschland-B\u00fcndnisses<\/a>. Eingeladen hatte die <a href=\"https:\/\/omasgegenrechtsmuenchen.de\/\" target=\"_blank\" rel=\"noopener\" title=\"\">Regionalgruppe M\u00fcnchen<\/a> &#8211; und das Tagungsthema war &#8220;Sprache und (Anti-)Diskriminierung&#8221;.<\/p>\n\n\n\n<!--more-->\n\n\n\n<p>W\u00e4hrend der Freitagabend und  Sonntag anderen Aktivit\u00e4ten vorbehalten waren, stand der Samstag ganz im Zeichen des Tagungsthemas. Am Vormittag konnten wir uns bei Vortr\u00e4gen von <a href=\"https:\/\/www.linkedin.com\/in\/friederike-alexander-3a1612158\/\" target=\"_blank\" rel=\"noreferrer noopener\">Friederike Alexander<\/a> \u00fcber &#8220;Sprache und soziale Realit\u00e4ten &#8211; \u00dcber die Macht der Worte und Worte der Macht&#8221; sowie Staatsanw\u00e4ltin <a href=\"https:\/\/www.justiz.bayern.de\/gerichte-und-behoerden\/generalstaatsanwaltschaft\/muenchen\/spezial_4.php\" target=\"_blank\" rel=\"noreferrer noopener\">Teresa Ott<\/a> zu \u201eBek\u00e4mpfung von Hate-Speech\u201c aufschlauen&#8230;<\/p>\n\n\n\n<div class=\"wp-block-media-text alignwide is-stacked-on-mobile\"><figure class=\"wp-block-media-text__media\"><img loading=\"lazy\" decoding=\"async\" width=\"1024\" height=\"478\" src=\"https:\/\/www.omasgegenrechts-dresden.de\/wp-content\/uploads\/2023\/05\/signal-2023-05-16-195830-verpixelt-1024x478.png\" alt=\"OMAS GEGEN RECHTS beim Workshop\" class=\"wp-image-627 size-full\" srcset=\"https:\/\/www.omasgegenrechts-dresden.de\/wp-content\/uploads\/2023\/05\/signal-2023-05-16-195830-verpixelt-1024x478.png 1024w, https:\/\/www.omasgegenrechts-dresden.de\/wp-content\/uploads\/2023\/05\/signal-2023-05-16-195830-verpixelt-300x140.png 300w, https:\/\/www.omasgegenrechts-dresden.de\/wp-content\/uploads\/2023\/05\/signal-2023-05-16-195830-verpixelt-768x359.png 768w, https:\/\/www.omasgegenrechts-dresden.de\/wp-content\/uploads\/2023\/05\/signal-2023-05-16-195830-verpixelt-1536x717.png 1536w, https:\/\/www.omasgegenrechts-dresden.de\/wp-content\/uploads\/2023\/05\/signal-2023-05-16-195830-verpixelt.png 2048w\" sizes=\"auto, (max-width: 1024px) 100vw, 1024px\" \/><\/figure><div class=\"wp-block-media-text__content\">\n<p>&#8230; und am Nachmittag in diversen Workshops selbst aktiv werden. Erwartungsgem\u00e4\u00df war das nicht nur lehrreich, sondern auch \u00e4u\u00dferst kurzweilig \ud83d\ude42<\/p>\n<\/div><\/div>\n\n\n\n<p>Es g\u00e4be noch so vieles zu berichten von dieser perfekt organisierten Tagung: \u00fcber die Stadtf\u00fchrung zur M\u00fcnchner NS-Geschichte, \u00fcber den Austausch zu Strategien, Aktionen und Markenkern der OMAS GEGEN RECHTS, \u00fcber die gemeinsamen Abendessen, \u00fcber die vielen guten und Mut machenden Gespr\u00e4che, &#8230;<\/p>\n\n\n\n<p>Aber halt: eines darf auf keinen Fall zu kurz kommen: unsere gemeinsame <a href=\"https:\/\/omasgegenrechtsmuenchen.de\/demonstration-der-omas-gegen-rechts-muenchen-auf-dem-marienplatz-14-5-23-14-00-uhr\/\" target=\"_blank\" rel=\"noreferrer noopener\">Demo am Sonntag<\/a>. Da spr\u00fchte die geballte OMA-Power aus allen Ecken und Enden&#8230;<\/p>\n\n\n\n<div class=\"wp-block-media-text alignwide has-media-on-the-right is-stacked-on-mobile is-vertically-aligned-center\" style=\"grid-template-columns:auto 41%\"><div class=\"wp-block-media-text__content\">\n<p> &#8230; ob bei den k\u00e4mpferischen Liedern oder den beeindruckenden Redebeitr\u00e4gen \u00fcber Aktionen und Pl\u00e4ne &#8211; und \u00fcber das gro\u00dfartige Gef\u00fchl, gemeinsam und kreativ f\u00fcr Demokratie und gegen Rechts einzustehen.<\/p>\n<\/div><figure class=\"wp-block-media-text__media\"><img loading=\"lazy\" decoding=\"async\" width=\"1024\" height=\"552\" src=\"https:\/\/www.omasgegenrechts-dresden.de\/wp-content\/uploads\/2023\/05\/signal-2023-05-14-204837_006-verpixelt-1024x552.jpg\" alt=\"OMAS GEGEN RECHTS mit Schildern und Transparenten bei der Demo auf dem Marienplatz in M\u00fcnchen\" class=\"wp-image-616 size-full\" srcset=\"https:\/\/www.omasgegenrechts-dresden.de\/wp-content\/uploads\/2023\/05\/signal-2023-05-14-204837_006-verpixelt-1024x552.jpg 1024w, https:\/\/www.omasgegenrechts-dresden.de\/wp-content\/uploads\/2023\/05\/signal-2023-05-14-204837_006-verpixelt-300x162.jpg 300w, https:\/\/www.omasgegenrechts-dresden.de\/wp-content\/uploads\/2023\/05\/signal-2023-05-14-204837_006-verpixelt-768x414.jpg 768w, https:\/\/www.omasgegenrechts-dresden.de\/wp-content\/uploads\/2023\/05\/signal-2023-05-14-204837_006-verpixelt-1536x828.jpg 1536w, https:\/\/www.omasgegenrechts-dresden.de\/wp-content\/uploads\/2023\/05\/signal-2023-05-14-204837_006-verpixelt.jpg 1561w\" sizes=\"auto, (max-width: 1024px) 100vw, 1024px\" \/><\/figure><\/div>\n\n\n\n<p>Zum Abschluss \u00fcberbrachte sogar noch eine Vertreterin der <a href=\"https:\/\/www.facebook.com\/PolskieBabcie\/\" target=\"_blank\" rel=\"noopener\" title=\"\">Polskie Babcie<\/a> (OMAS GEGEN RECHTS in Polen) eine Gru\u00dfbotschaft &#8211; sozusagen als Sahneh\u00e4ubchen \ud83d\ude42<br><\/p>\n\n\n\n<div class=\"wp-block-media-text alignwide is-stacked-on-mobile\" style=\"grid-template-columns:29% auto\"><figure class=\"wp-block-media-text__media\"><img loading=\"lazy\" decoding=\"async\" width=\"575\" height=\"1024\" src=\"https:\/\/www.omasgegenrechts-dresden.de\/wp-content\/uploads\/2023\/05\/signal-2023-05-14-204837_008-575x1024.jpeg\" alt=\"\" class=\"wp-image-621 size-full\" srcset=\"https:\/\/www.omasgegenrechts-dresden.de\/wp-content\/uploads\/2023\/05\/signal-2023-05-14-204837_008-575x1024.jpeg 575w, https:\/\/www.omasgegenrechts-dresden.de\/wp-content\/uploads\/2023\/05\/signal-2023-05-14-204837_008-169x300.jpeg 169w, https:\/\/www.omasgegenrechts-dresden.de\/wp-content\/uploads\/2023\/05\/signal-2023-05-14-204837_008-768x1367.jpeg 768w, https:\/\/www.omasgegenrechts-dresden.de\/wp-content\/uploads\/2023\/05\/signal-2023-05-14-204837_008-863x1536.jpeg 863w, https:\/\/www.omasgegenrechts-dresden.de\/wp-content\/uploads\/2023\/05\/signal-2023-05-14-204837_008.jpeg 899w\" sizes=\"auto, (max-width: 575px) 100vw, 575px\" \/><\/figure><div class=\"wp-block-media-text__content\">\n<p>Vollgepumpt mit Eindr\u00fccken, Ideen und Schwung haben wir die R\u00fcckreise nach Dresden angetreten. Ganz bestimmt werden wir von diesem gro\u00dfartigen Wochenende noch eine Weile zehren und unseren Mit-OMAS davon berichten. <\/p>\n\n\n\n<p>Fun Fact am Rande: Mithilfe unseres extra f\u00fcr die Demo (danke an Astrid!) neu erstellten gro\u00dfen und stabilen(!) Schildes konnten sogar zwei rechte &#8220;Burschen&#8221; erfolgreich abgedr\u00e4ngt werden \ud83d\ude00<\/p>\n<\/div><\/div>\n\n\n\n<p class=\"has-text-align-right\">Uta, Helga, Dorrit<\/p>\n","protected":false},"excerpt":{"rendered":"<p>OMAS GEGEN RECHTS sind in ganz Deutschland (und auch dar\u00fcber hinaus) aktiv und haben meistens alle H\u00e4nde voll zu tun mit dem &#8220;Tagesgesch\u00e4ft&#8221; in der jeweiligen Region, oder sogar unterst\u00fctzend in anderen Regionen. Gelegentlich nehmen sie sich aber auch Zeit, um gemeinsam in Klausur zu gehen, sich weiterzubilden und aufzutanken f\u00fcr kommende Aufgaben. Letztes Wochenende war es wieder so weit:<\/p>\n","protected":false},"author":1,"featured_media":618,"comment_status":"closed","ping_status":"closed","sticky":false,"template":"","format":"standard","meta":{"om_disable_all_campaigns":false,"_monsterinsights_skip_tracking":false,"_monsterinsights_sitenote_active":false,"_monsterinsights_sitenote_note":"","_monsterinsights_sitenote_category":0,"footnotes":""},"categories":[10],"tags":[],"class_list":["post-609","post","type-post","status-publish","format-standard","has-post-thumbnail","hentry","category-aktivitaeten"],"aioseo_notices":[],"_links":{"self":[{"href":"https:\/\/www.omasgegenrechts-dresden.de\/index.php\/wp-json\/wp\/v2\/posts\/609","targetHints":{"allow":["GET"]}}],"collection":[{"href":"https:\/\/www.omasgegenrechts-dresden.de\/index.php\/wp-json\/wp\/v2\/posts"}],"about":[{"href":"https:\/\/www.omasgegenrechts-dresden.de\/index.php\/wp-json\/wp\/v2\/types\/post"}],"author":[{"embeddable":true,"href":"https:\/\/www.omasgegenrechts-dresden.de\/index.php\/wp-json\/wp\/v2\/users\/1"}],"replies":[{"embeddable":true,"href":"https:\/\/www.omasgegenrechts-dresden.de\/index.php\/wp-json\/wp\/v2\/comments?post=609"}],"version-history":[{"count":11,"href":"https:\/\/www.omasgegenrechts-dresden.de\/index.php\/wp-json\/wp\/v2\/posts\/609\/revisions"}],"predecessor-version":[{"id":636,"href":"https:\/\/www.omasgegenrechts-dresden.de\/index.php\/wp-json\/wp\/v2\/posts\/609\/revisions\/636"}],"wp:featuredmedia":[{"embeddable":true,"href":"https:\/\/www.omasgegenrechts-dresden.de\/index.php\/wp-json\/wp\/v2\/media\/618"}],"wp:attachment":[{"href":"https:\/\/www.omasgegenrechts-dresden.de\/index.php\/wp-json\/wp\/v2\/media?parent=609"}],"wp:term":[{"taxonomy":"category","embeddable":true,"href":"https:\/\/www.omasgegenrechts-dresden.de\/index.php\/wp-json\/wp\/v2\/categories?post=609"},{"taxonomy":"post_tag","embeddable":true,"href":"https:\/\/www.omasgegenrechts-dresden.de\/index.php\/wp-json\/wp\/v2\/tags?post=609"}],"curies":[{"name":"wp","href":"https:\/\/api.w.org\/{rel}","templated":true}]}}