{"id":657,"date":"2023-07-14T14:53:36","date_gmt":"2023-07-14T12:53:36","guid":{"rendered":"https:\/\/www.omasgegenrechts-dresden.de\/?p=657"},"modified":"2023-07-14T20:29:12","modified_gmt":"2023-07-14T18:29:12","slug":"dresden-sommerfest-mit-gesang-und-arbeitseinsatz","status":"publish","type":"post","link":"https:\/\/www.omasgegenrechts-dresden.de\/index.php\/2023\/07\/14\/dresden-sommerfest-mit-gesang-und-arbeitseinsatz\/","title":{"rendered":"Dresden: Sommerfest mit Gesang und Arbeitseinsatz"},"content":{"rendered":"\n<p>Gestern haben wir unser monatliches Treffen ein bisschen anders als sonst gestaltet &#8211; ziemlich praktisch, irgendwie \ud83d\ude09 . Deklariert als &#8220;Sommerfest&#8221; im lauschigen Garten des <a href=\"https:\/\/www.frauenbildungshaus-dresden.de\/\" target=\"_blank\" rel=\"noopener\" title=\"\">Frauenbildungshauses<\/a>, mit anregenden Getr\u00e4nken und reichhaltigem Mitbring-Buffett, h\u00e4tte es auch einfach ein unspektakul\u00e4res, gem\u00fctliches Beisammensein werden k\u00f6nnen. Aber wir k\u00f6nnen auch anders!<\/p>\n\n\n\n<!--more-->\n\n\n\n<div class=\"wp-block-media-text alignwide is-stacked-on-mobile\" style=\"grid-template-columns:25% auto\"><figure class=\"wp-block-media-text__media\"><a href=\"https:\/\/www.omasgegenrechts-dresden.de\/wp-content\/uploads\/2023\/07\/image.jpeg\" target=\"_blank\" rel=\"noreferrer noopener\"><img loading=\"lazy\" decoding=\"async\" width=\"576\" height=\"1024\" src=\"https:\/\/www.omasgegenrechts-dresden.de\/wp-content\/uploads\/2023\/07\/image-576x1024.jpeg\" alt=\"14 Kartons mit je 525 K\u00e4rtchen\" class=\"wp-image-661 size-full\" srcset=\"https:\/\/www.omasgegenrechts-dresden.de\/wp-content\/uploads\/2023\/07\/image-576x1024.jpeg 576w, https:\/\/www.omasgegenrechts-dresden.de\/wp-content\/uploads\/2023\/07\/image-169x300.jpeg 169w, https:\/\/www.omasgegenrechts-dresden.de\/wp-content\/uploads\/2023\/07\/image-768x1365.jpeg 768w, https:\/\/www.omasgegenrechts-dresden.de\/wp-content\/uploads\/2023\/07\/image-864x1536.jpeg 864w, https:\/\/www.omasgegenrechts-dresden.de\/wp-content\/uploads\/2023\/07\/image.jpeg 1152w\" sizes=\"auto, (max-width: 576px) 100vw, 576px\" \/><\/a><\/figure><div class=\"wp-block-media-text__content\">\n<p>Ihr erinnert Euch bestimmt an unsere Crowdfunding-Kampagne f\u00fcr das <a href=\"https:\/\/www.omasgegenrechts-dresden.de\/index.php\/2023\/03\/11\/oma-memory-mit-witz-und-format\/\" target=\"_blank\" rel=\"noreferrer noopener\">OMA-Memory \u2013 mit Witz und Format<\/a>. Wie einige bestimmt mitbekommen haben werden, war diese <a href=\"https:\/\/www.99funken.de\/omamemory\/blog\/beitrag\/danke-p1797.html\" target=\"_blank\" rel=\"noreferrer noopener\">erfolgreich <\/a>&#8211; vielen Dank noch einmal an alle, die uns dabei unterst\u00fctzt haben!<\/p>\n\n\n\n<p>Nach der Phase der Druckshop-Findung, finalen Bildbearbeitung, Erstellung aller f\u00fcr den Druck erforderlichen Materialien und schlussendlichen Ausl\u00f6sung des Auftrags war es nun k\u00fcrzlich endlich soweit: Die Lieferung traf ein &#8211; 125 Memorys mit je 35 &#8220;ungleichen&#8221; Paaren! <\/p>\n<\/div><\/div>\n\n\n\n<div class=\"wp-block-media-text alignwide has-media-on-the-right is-stacked-on-mobile\" style=\"grid-template-columns:auto 27%\"><div class=\"wp-block-media-text__content\">\n<p>Und zwar in Form von 14 Kartons mit je 125 Exemplaren von je 5 Einzelk\u00e4rtchen, dazu 125 &#8220;Bastelvorlagen&#8221; f\u00fcr die Memory-Schachteln \ud83d\ude2e<\/p>\n<\/div><figure class=\"wp-block-media-text__media\"><a href=\"https:\/\/www.omasgegenrechts-dresden.de\/wp-content\/uploads\/2023\/07\/image2.jpeg\" target=\"_blank\" rel=\"noreferrer noopener\"><img loading=\"lazy\" decoding=\"async\" width=\"1024\" height=\"768\" src=\"https:\/\/www.omasgegenrechts-dresden.de\/wp-content\/uploads\/2023\/07\/image2-1024x768.jpeg\" alt=\"OMA-Memory: 14 Kartons mit 125 x 5 Einzelk\u00e4rtchen\" class=\"wp-image-660 size-full\" srcset=\"https:\/\/www.omasgegenrechts-dresden.de\/wp-content\/uploads\/2023\/07\/image2-1024x768.jpeg 1024w, https:\/\/www.omasgegenrechts-dresden.de\/wp-content\/uploads\/2023\/07\/image2-300x225.jpeg 300w, https:\/\/www.omasgegenrechts-dresden.de\/wp-content\/uploads\/2023\/07\/image2-768x576.jpeg 768w, https:\/\/www.omasgegenrechts-dresden.de\/wp-content\/uploads\/2023\/07\/image2-1536x1152.jpeg 1536w, https:\/\/www.omasgegenrechts-dresden.de\/wp-content\/uploads\/2023\/07\/image2.jpeg 2048w\" sizes=\"auto, (max-width: 1024px) 100vw, 1024px\" \/><\/a><\/figure><\/div>\n\n\n\n<p>Zum Gl\u00fcck hatte unsere Memory-Hauptakteurin Claudia gestern nicht nur alle Schachteln bereits eigenh\u00e4ndig gefaltet, sondern sich auch ein effizientes Verfahren zum Einsortieren der K\u00e4rtchen in die Schachteln ausgedacht, welches &#8211; welch gl\u00fcckliche F\u00fcgung \ud83d\ude09 &#8211; eine ausreichende Anzahl sortierw\u00fctiger OMAS erforderte. <\/p>\n\n\n\n<div class=\"wp-block-media-text alignwide is-stacked-on-mobile\" style=\"grid-template-columns:33% auto\"><figure class=\"wp-block-media-text__media\"><img loading=\"lazy\" decoding=\"async\" width=\"768\" height=\"1024\" src=\"https:\/\/www.omasgegenrechts-dresden.de\/wp-content\/uploads\/2023\/07\/IMG-20230714-WA0002-768x1024.jpg\" alt=\"\" class=\"wp-image-664 size-full\" srcset=\"https:\/\/www.omasgegenrechts-dresden.de\/wp-content\/uploads\/2023\/07\/IMG-20230714-WA0002-768x1024.jpg 768w, https:\/\/www.omasgegenrechts-dresden.de\/wp-content\/uploads\/2023\/07\/IMG-20230714-WA0002-225x300.jpg 225w, https:\/\/www.omasgegenrechts-dresden.de\/wp-content\/uploads\/2023\/07\/IMG-20230714-WA0002-1152x1536.jpg 1152w, https:\/\/www.omasgegenrechts-dresden.de\/wp-content\/uploads\/2023\/07\/IMG-20230714-WA0002.jpg 1200w\" sizes=\"auto, (max-width: 768px) 100vw, 768px\" \/><\/figure><div class=\"wp-block-media-text__content\">\n<p>Gemeinsam machten wir uns ans Werk, nachdem wir uns nicht nur ausgiebig am Buffett gest\u00e4rkt, sondern auch die vom <a href=\"https:\/\/www.omasgegenrechts-dresden.de\/index.php\/2023\/05\/16\/was-die-omas-mit-sprache-und-anti-diskriminierung-zu-tun-haben\/\" target=\"_blank\" rel=\"noreferrer noopener\">OMA-Treffen in M\u00fcnchen<\/a> mit nach Hause gebrachten OMA-Lieder inbr\u00fcnstig gesungen hatten. <\/p>\n\n\n\n<p>Dass im Eifer des Gefechts am Ende auch mal eine Karte fehlte oder \u00fcbrig war (und deshalb nun noch eine penible &#8220;Endkontrolle&#8221; erforderlich ist), konnte die Freude an den vielen fertigen Schachteln nicht tr\u00fcben. <\/p>\n<\/div><\/div>\n\n\n<div class=\"wp-block-image\">\n<figure class=\"aligncenter size-large is-resized\"><a href=\"https:\/\/www.omasgegenrechts-dresden.de\/wp-content\/uploads\/2023\/07\/IMG-20230714-WA0007a.jpg\" target=\"_blank\" rel=\"noreferrer noopener\"><img loading=\"lazy\" decoding=\"async\" src=\"https:\/\/www.omasgegenrechts-dresden.de\/wp-content\/uploads\/2023\/07\/IMG-20230714-WA0007a-1024x611.jpg\" alt=\"\" class=\"wp-image-667\" width=\"482\" height=\"288\" srcset=\"https:\/\/www.omasgegenrechts-dresden.de\/wp-content\/uploads\/2023\/07\/IMG-20230714-WA0007a-1024x611.jpg 1024w, https:\/\/www.omasgegenrechts-dresden.de\/wp-content\/uploads\/2023\/07\/IMG-20230714-WA0007a-300x179.jpg 300w, https:\/\/www.omasgegenrechts-dresden.de\/wp-content\/uploads\/2023\/07\/IMG-20230714-WA0007a-768x459.jpg 768w, https:\/\/www.omasgegenrechts-dresden.de\/wp-content\/uploads\/2023\/07\/IMG-20230714-WA0007a-1536x917.jpg 1536w, https:\/\/www.omasgegenrechts-dresden.de\/wp-content\/uploads\/2023\/07\/IMG-20230714-WA0007a.jpg 2003w\" sizes=\"auto, (max-width: 482px) 100vw, 482px\" \/><\/a><\/figure>\n<\/div>\n\n\n<p>Hier findet Ihr auch noch einen sch\u00f6nen Blogpost von Claudia zum Abschluss unserer Crowdfunding-Kampagne: <a href=\"https:\/\/www.99funken.de\/omamemory\/blog\/beitrag\/das-memory-ist-fast-fertig-p1849.html\" target=\"_blank\" rel=\"noopener\" title=\"\">Das Memory ist fast fertig<\/a><\/p>\n\n\n\n<p>Auch wenn die Energie mit abnehmender K\u00e4rtchenanzahl in den Kartons etwas nachlie\u00df und sich der eine oder andere R\u00fccken schmerzhaft in Erinnerung brachte &#8211; es bleibt dabei: Gemeinsame Aktionen sind doch immer das Beste, das gilt auch f\u00fcr diese &#8211; f\u00fcr uns eher ungew\u00f6hnliche &#8211; gemeinsame Sortieraktion \ud83d\ude42 .<\/p>\n\n\n\n<hr class=\"wp-block-separator has-alpha-channel-opacity\"\/>\n\n\n\n<p>\u00dcbrigens: Es gibt noch Memorys k\u00e4uflich zu erwerben (20 Euro zzgl. Versand). Bei Interesse hinterlasst einfach eine Nachricht \u00fcber das <a href=\"https:\/\/www.omasgegenrechts-dresden.de\/index.php\/kontakt\/\" target=\"_blank\" rel=\"noopener\" title=\"\">Kontaktformular<\/a>, oder kontaktiert uns auf Facebook, oder wo immer Ihr uns trefft&#8230; <\/p>\n","protected":false},"excerpt":{"rendered":"<p>Gestern haben wir unser monatliches Treffen ein bisschen anders als sonst gestaltet &#8211; ziemlich praktisch, irgendwie \ud83d\ude09 . Deklariert als &#8220;Sommerfest&#8221; im lauschigen Garten des Frauenbildungshauses, mit anregenden Getr\u00e4nken und reichhaltigem Mitbring-Buffett, h\u00e4tte es auch einfach ein unspektakul\u00e4res, gem\u00fctliches Beisammensein werden k\u00f6nnen. Aber wir k\u00f6nnen auch anders!<\/p>\n","protected":false},"author":4,"featured_media":0,"comment_status":"closed","ping_status":"closed","sticky":false,"template":"","format":"standard","meta":{"om_disable_all_campaigns":false,"_monsterinsights_skip_tracking":false,"_monsterinsights_sitenote_active":false,"_monsterinsights_sitenote_note":"","_monsterinsights_sitenote_category":0,"footnotes":""},"categories":[10],"tags":[],"class_list":["post-657","post","type-post","status-publish","format-standard","hentry","category-aktivitaeten"],"aioseo_notices":[],"_links":{"self":[{"href":"https:\/\/www.omasgegenrechts-dresden.de\/index.php\/wp-json\/wp\/v2\/posts\/657","targetHints":{"allow":["GET"]}}],"collection":[{"href":"https:\/\/www.omasgegenrechts-dresden.de\/index.php\/wp-json\/wp\/v2\/posts"}],"about":[{"href":"https:\/\/www.omasgegenrechts-dresden.de\/index.php\/wp-json\/wp\/v2\/types\/post"}],"author":[{"embeddable":true,"href":"https:\/\/www.omasgegenrechts-dresden.de\/index.php\/wp-json\/wp\/v2\/users\/4"}],"replies":[{"embeddable":true,"href":"https:\/\/www.omasgegenrechts-dresden.de\/index.php\/wp-json\/wp\/v2\/comments?post=657"}],"version-history":[{"count":12,"href":"https:\/\/www.omasgegenrechts-dresden.de\/index.php\/wp-json\/wp\/v2\/posts\/657\/revisions"}],"predecessor-version":[{"id":679,"href":"https:\/\/www.omasgegenrechts-dresden.de\/index.php\/wp-json\/wp\/v2\/posts\/657\/revisions\/679"}],"wp:attachment":[{"href":"https:\/\/www.omasgegenrechts-dresden.de\/index.php\/wp-json\/wp\/v2\/media?parent=657"}],"wp:term":[{"taxonomy":"category","embeddable":true,"href":"https:\/\/www.omasgegenrechts-dresden.de\/index.php\/wp-json\/wp\/v2\/categories?post=657"},{"taxonomy":"post_tag","embeddable":true,"href":"https:\/\/www.omasgegenrechts-dresden.de\/index.php\/wp-json\/wp\/v2\/tags?post=657"}],"curies":[{"name":"wp","href":"https:\/\/api.w.org\/{rel}","templated":true}]}}