{"id":751,"date":"2023-09-05T19:19:08","date_gmt":"2023-09-05T17:19:08","guid":{"rendered":"https:\/\/www.omasgegenrechts-dresden.de\/?p=751"},"modified":"2023-09-05T19:45:51","modified_gmt":"2023-09-05T17:45:51","slug":"dresden-isst-bunt-und-die-omas-gegen-rechts-dresden-auch","status":"publish","type":"post","link":"https:\/\/www.omasgegenrechts-dresden.de\/index.php\/2023\/09\/05\/dresden-isst-bunt-und-die-omas-gegen-rechts-dresden-auch\/","title":{"rendered":"Dresden is(s)t bunt \u2013 und die OMAS GEGEN RECHTS.DRESDEN auch"},"content":{"rendered":"\n<p>Was f\u00fcr eine Veranstaltung \u2013 mehr als 200 Vereine und Gruppen verbanden mit Aktionen, Gespr\u00e4chen, Musik, Informationen und vielen Leckereien die Altst\u00e4dter und Neust\u00e4dter Seite Dresdens und zeigten, dass neben all den lauten und hasserf\u00fcllten Gruppen dieser Stadt eine sehr starke und gesunde sowie stark engagierte heterogene Szene existiert, die unverdrossen ihre Arbeit macht. Seit 2015 gibt es das Gastmahl <a href=\"https:\/\/www.cellex-stiftung.org\/de\/projekte\/gastmahl\" target=\"_blank\" rel=\"noopener\" title=\"\">Dresden is(s)t bunt<\/a> \u2013 wir OMAS waren das erste Mal dabei und begeistert \ud83d\ude42 . <strong>Wir geh\u00f6ren in diese bunte Vielfalt<\/strong> genauso wie die verschiedenen Kulturtreffs, die Theater und die Beratungsstellen, die Bildungsvereine und Angebotsgruppen.<\/p>\n\n\n\n<div class=\"wp-block-media-text is-stacked-on-mobile\" style=\"grid-template-columns:30% auto\"><figure class=\"wp-block-media-text__media\"><img loading=\"lazy\" decoding=\"async\" width=\"750\" height=\"1000\" src=\"https:\/\/www.omasgegenrechts-dresden.de\/wp-content\/uploads\/2023\/09\/IMG_20230904_160418.jpg\" alt=\"Dresden is(s)t bunt\" class=\"wp-image-752 size-full\" srcset=\"https:\/\/www.omasgegenrechts-dresden.de\/wp-content\/uploads\/2023\/09\/IMG_20230904_160418.jpg 750w, https:\/\/www.omasgegenrechts-dresden.de\/wp-content\/uploads\/2023\/09\/IMG_20230904_160418-225x300.jpg 225w\" sizes=\"auto, (max-width: 750px) 100vw, 750px\" \/><\/figure><div class=\"wp-block-media-text__content\">\n<p>Unsere OMAS haben gebacken und gebrutzelt und sich mit echten Oma-Snacks am Tisch 40 pr\u00e4sentiert. Mit im Gep\u00e4ck neben all dem Infomaterial auch unser <a href=\"https:\/\/www.omasgegenrechts-dresden.de\/index.php\/2023\/03\/11\/oma-memory-mit-witz-und-format\/\" target=\"_blank\" rel=\"noopener\" title=\"\">Memory <\/a>und ein neues Gespr\u00e4chs-Einstiegs-Angebot, ein Zitate-Quiz. <\/p>\n<\/div><\/div>\n\n\n\n<div class=\"wp-block-media-text has-media-on-the-right is-stacked-on-mobile\" style=\"grid-template-columns:auto 45%\"><div class=\"wp-block-media-text__content\">\n<p>Wir hatten Zitate auf K\u00e4rtchen gedruckt und baten die Passant*innen, nach dem Lesen zu entscheiden, ob die Worte der NSDAP oder der AfD zuzuschreiben w\u00e4ren. Die Aufl\u00f6sung war nicht nur einmal verbl\u00fcffend und sorgte f\u00fcr kurze Herzschlag-Aussetzer.<\/p>\n<\/div><figure class=\"wp-block-media-text__media\"><img loading=\"lazy\" decoding=\"async\" width=\"1024\" height=\"768\" src=\"https:\/\/www.omasgegenrechts-dresden.de\/wp-content\/uploads\/2023\/09\/2023-09-04-16.47.10-1024x768.jpg\" alt=\"Zitate-Quiz\" class=\"wp-image-753 size-full\" srcset=\"https:\/\/www.omasgegenrechts-dresden.de\/wp-content\/uploads\/2023\/09\/2023-09-04-16.47.10-1024x768.jpg 1024w, https:\/\/www.omasgegenrechts-dresden.de\/wp-content\/uploads\/2023\/09\/2023-09-04-16.47.10-300x225.jpg 300w, https:\/\/www.omasgegenrechts-dresden.de\/wp-content\/uploads\/2023\/09\/2023-09-04-16.47.10-768x576.jpg 768w, https:\/\/www.omasgegenrechts-dresden.de\/wp-content\/uploads\/2023\/09\/2023-09-04-16.47.10-1536x1152.jpg 1536w, https:\/\/www.omasgegenrechts-dresden.de\/wp-content\/uploads\/2023\/09\/2023-09-04-16.47.10-2048x1536.jpg 2048w\" sizes=\"auto, (max-width: 1024px) 100vw, 1024px\" \/><\/figure><\/div>\n\n\n\n<p>So erfuhren wir auch, dass nicht nur \u201eunsere Blase\u201c zu dieser Veranstaltung unterwegs war \u2013 es gab ein sehr langes und wichtiges Gespr\u00e4ch mit einer jungen Frau, die sich von unserer Regierung gar nicht verstanden f\u00fchlt und sich deshalb stark zur AfD hingezogen f\u00fchlt. Durch sie ist uns auch klar geworden, was wir an dem Angebot noch verbessern m\u00fcssen.<br>\u00dcberwogen hat Sympathie. <strong>Vielleicht erzeugt das Wort OMA bei vielen zuerst einmal ein warmes Gef\u00fchl<\/strong>, wir erfuhren unglaublich viel Zuspruch. Und wurden noch unglaublich viel \u00f6fter fotografiert. Wenn wir auch manchmal hadern mit der Bezeichnung unserer Gruppe, das Fest zeigte, dass der Name zum Gespr\u00e4ch einl\u00e4dt, einfach nur, weil das Wort OMA im Gruppennamen enthalten ist.<\/p>\n\n\n\n<p>Solch eine Veranstaltung mitzumachen, ist wichtig und gut. Es gibt wieder Mut und Hoffnung. <strong>Wir sind viele, wir sind mehr.<\/strong> Zumindest an diesem Montag haben wir die Zahl der durch das Stadtzentrum marschierenden &#8220;Freien Sachsen&#8221; um L\u00e4ngen \u00fcbertroffen.<\/p>\n\n\n\n<p>Und als ganz zum Schluss ein junges M\u00e4dchen an unseren Tisch kam, um zu fragen, was wir denn eigentlich so machen w\u00fcrden, als OMAS GEGEN RECHTS \u2013 wir diese Frage kurz und pr\u00e4gnant beantwortet hatten und sie antwortete: &#8220;Das gef\u00e4llt mir sehr. Wenn ich mal Oma bin, dann komme ich auch zu Euch&#8221; \u2013 da wussten wir es ganz genau: <strong>Die Hoffnung lebt und wir sind ein Teil von ihr.<\/strong><\/p>\n\n\n\n<p class=\"has-text-align-right\">Claudia<\/p>\n","protected":false},"excerpt":{"rendered":"<p>Was f\u00fcr eine Veranstaltung \u2013 mehr als 200 Vereine und Gruppen verbanden mit Aktionen, Gespr\u00e4chen, Musik, Informationen und vielen Leckereien die Altst\u00e4dter und Neust\u00e4dter Seite Dresdens und zeigten, dass neben all den lauten und hasserf\u00fcllten Gruppen dieser Stadt eine sehr starke und gesunde sowie stark engagierte heterogene Szene existiert, die unverdrossen ihre Arbeit macht. Seit 2015 gibt es das Gastmahl<\/p>\n","protected":false},"author":1,"featured_media":754,"comment_status":"closed","ping_status":"closed","sticky":false,"template":"","format":"standard","meta":{"om_disable_all_campaigns":false,"_monsterinsights_skip_tracking":false,"_monsterinsights_sitenote_active":false,"_monsterinsights_sitenote_note":"","_monsterinsights_sitenote_category":0,"footnotes":""},"categories":[10],"tags":[],"class_list":["post-751","post","type-post","status-publish","format-standard","has-post-thumbnail","hentry","category-aktivitaeten"],"aioseo_notices":[],"_links":{"self":[{"href":"https:\/\/www.omasgegenrechts-dresden.de\/index.php\/wp-json\/wp\/v2\/posts\/751","targetHints":{"allow":["GET"]}}],"collection":[{"href":"https:\/\/www.omasgegenrechts-dresden.de\/index.php\/wp-json\/wp\/v2\/posts"}],"about":[{"href":"https:\/\/www.omasgegenrechts-dresden.de\/index.php\/wp-json\/wp\/v2\/types\/post"}],"author":[{"embeddable":true,"href":"https:\/\/www.omasgegenrechts-dresden.de\/index.php\/wp-json\/wp\/v2\/users\/1"}],"replies":[{"embeddable":true,"href":"https:\/\/www.omasgegenrechts-dresden.de\/index.php\/wp-json\/wp\/v2\/comments?post=751"}],"version-history":[{"count":7,"href":"https:\/\/www.omasgegenrechts-dresden.de\/index.php\/wp-json\/wp\/v2\/posts\/751\/revisions"}],"predecessor-version":[{"id":761,"href":"https:\/\/www.omasgegenrechts-dresden.de\/index.php\/wp-json\/wp\/v2\/posts\/751\/revisions\/761"}],"wp:featuredmedia":[{"embeddable":true,"href":"https:\/\/www.omasgegenrechts-dresden.de\/index.php\/wp-json\/wp\/v2\/media\/754"}],"wp:attachment":[{"href":"https:\/\/www.omasgegenrechts-dresden.de\/index.php\/wp-json\/wp\/v2\/media?parent=751"}],"wp:term":[{"taxonomy":"category","embeddable":true,"href":"https:\/\/www.omasgegenrechts-dresden.de\/index.php\/wp-json\/wp\/v2\/categories?post=751"},{"taxonomy":"post_tag","embeddable":true,"href":"https:\/\/www.omasgegenrechts-dresden.de\/index.php\/wp-json\/wp\/v2\/tags?post=751"}],"curies":[{"name":"wp","href":"https:\/\/api.w.org\/{rel}","templated":true}]}}