{"id":763,"date":"2023-09-15T21:18:29","date_gmt":"2023-09-15T19:18:29","guid":{"rendered":"https:\/\/www.omasgegenrechts-dresden.de\/?p=763"},"modified":"2023-09-15T21:49:40","modified_gmt":"2023-09-15T19:49:40","slug":"globaler-klimastreik-in-dresden","status":"publish","type":"post","link":"https:\/\/www.omasgegenrechts-dresden.de\/index.php\/2023\/09\/15\/globaler-klimastreik-in-dresden\/","title":{"rendered":"Globaler Klimastreik in Dresden"},"content":{"rendered":"\n<div class=\"wp-block-media-text is-stacked-on-mobile\" style=\"grid-template-columns:29% auto\"><figure class=\"wp-block-media-text__media\"><img loading=\"lazy\" decoding=\"async\" width=\"1024\" height=\"768\" src=\"https:\/\/www.omasgegenrechts-dresden.de\/wp-content\/uploads\/2023\/09\/signal-2023-09-15-213834_003-1024x768.jpeg\" alt=\"OMAS GEGEN RECHTS beim Klimastreik in Dresden\" class=\"wp-image-767 size-full\" srcset=\"https:\/\/www.omasgegenrechts-dresden.de\/wp-content\/uploads\/2023\/09\/signal-2023-09-15-213834_003-1024x768.jpeg 1024w, https:\/\/www.omasgegenrechts-dresden.de\/wp-content\/uploads\/2023\/09\/signal-2023-09-15-213834_003-300x225.jpeg 300w, https:\/\/www.omasgegenrechts-dresden.de\/wp-content\/uploads\/2023\/09\/signal-2023-09-15-213834_003-768x576.jpeg 768w, https:\/\/www.omasgegenrechts-dresden.de\/wp-content\/uploads\/2023\/09\/signal-2023-09-15-213834_003-1536x1152.jpeg 1536w, https:\/\/www.omasgegenrechts-dresden.de\/wp-content\/uploads\/2023\/09\/signal-2023-09-15-213834_003.jpeg 2048w\" sizes=\"auto, (max-width: 1024px) 100vw, 1024px\" \/><\/figure><div class=\"wp-block-media-text__content\">\n<p>5000 Menschen waren in Dresden beim <a href=\"https:\/\/fffdd.de\/aktion\/2023-09-15-globaler-klimastreik\/\" target=\"_blank\" rel=\"noopener\" title=\"\">Klimastreik<\/a>, und wir OMAS GEGEN RECHTS waren zu f\u00fcnft dabei.<\/p>\n<\/div><\/div>\n\n\n\n<!--more-->\n\n\n\n<p class=\"has-text-align-center\"><em>Klimaschutz muss endlich losgehen! <\/em><br><em>Nicht weiter Gr\u00fcn reden und Fossil handeln! <\/em><br><em>Keine neuen Autobahnen!<\/em><\/p>\n\n\n\n<p>Das waren einige der Forderungen, die wir im Interesse unserer Kinder und Enkel unterst\u00fctzen. Viele junge Leute waren da, die Antifa war da, die Jusos und die Linken haben wir gesehen. Die Gr\u00fcnen haben wir nicht gesehen.<br>Es macht uns w\u00fctend, dass die Gr\u00fcnen am Tag des Globalen Klimastreiks verk\u00fcnden, dass sie die Speicherung von CO2 (f\u00fcr die Ewigkeit nat\u00fcrlich) jetzt doch f\u00fcr eine gute Idee halten.<br>Wir werden weiter nicht nur gegen Rechts, sondern auch f\u00fcr die Erhaltung unserer Lebensgrundlagen k\u00e4mpfen.<\/p>\n\n\n\n<p class=\"has-text-align-right\">Helga<\/p>\n","protected":false},"excerpt":{"rendered":"<p>5000 Menschen waren in Dresden beim Klimastreik, und wir OMAS GEGEN RECHTS waren zu f\u00fcnft dabei.<\/p>\n","protected":false},"author":1,"featured_media":769,"comment_status":"closed","ping_status":"closed","sticky":false,"template":"","format":"standard","meta":{"om_disable_all_campaigns":false,"_monsterinsights_skip_tracking":false,"_monsterinsights_sitenote_active":false,"_monsterinsights_sitenote_note":"","_monsterinsights_sitenote_category":0,"footnotes":""},"categories":[10],"tags":[],"class_list":["post-763","post","type-post","status-publish","format-standard","has-post-thumbnail","hentry","category-aktivitaeten"],"aioseo_notices":[],"_links":{"self":[{"href":"https:\/\/www.omasgegenrechts-dresden.de\/index.php\/wp-json\/wp\/v2\/posts\/763","targetHints":{"allow":["GET"]}}],"collection":[{"href":"https:\/\/www.omasgegenrechts-dresden.de\/index.php\/wp-json\/wp\/v2\/posts"}],"about":[{"href":"https:\/\/www.omasgegenrechts-dresden.de\/index.php\/wp-json\/wp\/v2\/types\/post"}],"author":[{"embeddable":true,"href":"https:\/\/www.omasgegenrechts-dresden.de\/index.php\/wp-json\/wp\/v2\/users\/1"}],"replies":[{"embeddable":true,"href":"https:\/\/www.omasgegenrechts-dresden.de\/index.php\/wp-json\/wp\/v2\/comments?post=763"}],"version-history":[{"count":3,"href":"https:\/\/www.omasgegenrechts-dresden.de\/index.php\/wp-json\/wp\/v2\/posts\/763\/revisions"}],"predecessor-version":[{"id":770,"href":"https:\/\/www.omasgegenrechts-dresden.de\/index.php\/wp-json\/wp\/v2\/posts\/763\/revisions\/770"}],"wp:featuredmedia":[{"embeddable":true,"href":"https:\/\/www.omasgegenrechts-dresden.de\/index.php\/wp-json\/wp\/v2\/media\/769"}],"wp:attachment":[{"href":"https:\/\/www.omasgegenrechts-dresden.de\/index.php\/wp-json\/wp\/v2\/media?parent=763"}],"wp:term":[{"taxonomy":"category","embeddable":true,"href":"https:\/\/www.omasgegenrechts-dresden.de\/index.php\/wp-json\/wp\/v2\/categories?post=763"},{"taxonomy":"post_tag","embeddable":true,"href":"https:\/\/www.omasgegenrechts-dresden.de\/index.php\/wp-json\/wp\/v2\/tags?post=763"}],"curies":[{"name":"wp","href":"https:\/\/api.w.org\/{rel}","templated":true}]}}