{"id":772,"date":"2023-09-23T20:24:04","date_gmt":"2023-09-23T18:24:04","guid":{"rendered":"https:\/\/www.omasgegenrechts-dresden.de\/?p=772"},"modified":"2023-09-24T20:16:09","modified_gmt":"2023-09-24T18:16:09","slug":"jahrestag-unserer-mahnwache-fuer-frieden-gegen-krieg-und-gewalt-ueberall","status":"publish","type":"post","link":"https:\/\/www.omasgegenrechts-dresden.de\/index.php\/2023\/09\/23\/jahrestag-unserer-mahnwache-fuer-frieden-gegen-krieg-und-gewalt-ueberall\/","title":{"rendered":"Jahrestag unserer Mahnwache &#8220;F\u00fcr Frieden  Gegen Krieg und Gewalt \u00fcberall&#8221;"},"content":{"rendered":"\n<p>Vielen Dank an alle Dresdner OMAS GEGEN RECHTS, die seit einem Jahr f\u00fcr dieses wichtige Anliegen aktiv sind.<\/p>\n\n\n\n<!--more-->\n\n\n\n<p>Im September 2022 starteten wir die <a href=\"https:\/\/www.omasgegenrechts-dresden.de\/index.php\/2023\/03\/10\/staendige-mahnwache-fuer-frieden-startet-wieder\/\" target=\"_blank\" rel=\"noopener\" title=\"\">Mahnwache<\/a>. Nachdem wir lange um einen Konsens gerungen hatten, was z.B. die Unterst\u00fctzung der Ukraine oder die Aufr\u00fcstung der Bundeswehr betrifft, einigten wir uns auf das obige Motto.<\/p>\n\n\n\n<p>Haben wir mit dieser Mahnwache etwas erreicht?<\/p>\n\n\n\n<p>Nein! ist der erste Gedanke.<br>Im letzten Jahr ist die Entwicklung weitergegangen: Frieden kann angeblich nur noch mit milit\u00e4rischen Mitteln erreicht werden. In der Ukraine z.B. geht es nicht mehr um Hilfe zur Verteidigung, sondern um Angriffswaffen, Streumunition, Uranmunition, Marschflugk\u00f6rper (die hoffentlich nicht!!!). Immer neue Kriege beginnen, keiner wird beendet.<\/p>\n\n\n\n<p>Ja! ist der zweite Gedanke.<br>Wir sind nicht stumm. Wir widersprechen der angeblichen Alternativlosigkeit milit\u00e4rischer L\u00f6sungen: Es m\u00fcssen diplomatische Wege gefunden werden, um die schrecklichen Kriege (nicht nur in der Ukraine) zu beenden. Zivile Unterst\u00fctzung, friedenserhaltende Ma\u00dfnahmen sind wichtiger als je zuvor.<\/p>\n\n\n\n<p>Seit wir an einem Ort mit viel Publikumsverkehr stehen, bekommen wir zahlreiche Reaktionen: von &#8220;Daumen hoch&#8221; und &#8220;Danke, dass Ihr das macht!&#8221; \u00fcber &#8220;Was soll das?&#8221; und &#8220;Ihr seid ja bescheuert!&#8221; bis zu ausf\u00fchrlichen Gespr\u00e4chen \u00fcber Krieg und Frieden und all die anderen Probleme und Krisen.<\/p>\n\n\n\n<p>&#8220;Was ist f\u00fcr Euch Rechts?&#8221; werden wir oft gefragt, und k\u00f6nnen uns schon mal ein\u00fcben f\u00fcr die Aktionen zu den anstehenden Wahlen im n\u00e4chsten Jahr.<\/p>\n\n\n\n<p class=\"has-text-align-right\">Helga<\/p>\n","protected":false},"excerpt":{"rendered":"<p>Vielen Dank an alle Dresdner OMAS GEGEN RECHTS, die seit einem Jahr f\u00fcr dieses wichtige Anliegen aktiv sind.<\/p>\n","protected":false},"author":1,"featured_media":0,"comment_status":"closed","ping_status":"closed","sticky":false,"template":"","format":"standard","meta":{"om_disable_all_campaigns":false,"_monsterinsights_skip_tracking":false,"_monsterinsights_sitenote_active":false,"_monsterinsights_sitenote_note":"","_monsterinsights_sitenote_category":0,"footnotes":""},"categories":[10],"tags":[],"class_list":["post-772","post","type-post","status-publish","format-standard","hentry","category-aktivitaeten"],"aioseo_notices":[],"_links":{"self":[{"href":"https:\/\/www.omasgegenrechts-dresden.de\/index.php\/wp-json\/wp\/v2\/posts\/772","targetHints":{"allow":["GET"]}}],"collection":[{"href":"https:\/\/www.omasgegenrechts-dresden.de\/index.php\/wp-json\/wp\/v2\/posts"}],"about":[{"href":"https:\/\/www.omasgegenrechts-dresden.de\/index.php\/wp-json\/wp\/v2\/types\/post"}],"author":[{"embeddable":true,"href":"https:\/\/www.omasgegenrechts-dresden.de\/index.php\/wp-json\/wp\/v2\/users\/1"}],"replies":[{"embeddable":true,"href":"https:\/\/www.omasgegenrechts-dresden.de\/index.php\/wp-json\/wp\/v2\/comments?post=772"}],"version-history":[{"count":3,"href":"https:\/\/www.omasgegenrechts-dresden.de\/index.php\/wp-json\/wp\/v2\/posts\/772\/revisions"}],"predecessor-version":[{"id":776,"href":"https:\/\/www.omasgegenrechts-dresden.de\/index.php\/wp-json\/wp\/v2\/posts\/772\/revisions\/776"}],"wp:attachment":[{"href":"https:\/\/www.omasgegenrechts-dresden.de\/index.php\/wp-json\/wp\/v2\/media?parent=772"}],"wp:term":[{"taxonomy":"category","embeddable":true,"href":"https:\/\/www.omasgegenrechts-dresden.de\/index.php\/wp-json\/wp\/v2\/categories?post=772"},{"taxonomy":"post_tag","embeddable":true,"href":"https:\/\/www.omasgegenrechts-dresden.de\/index.php\/wp-json\/wp\/v2\/tags?post=772"}],"curies":[{"name":"wp","href":"https:\/\/api.w.org\/{rel}","templated":true}]}}