{"id":778,"date":"2023-10-02T11:31:01","date_gmt":"2023-10-02T09:31:01","guid":{"rendered":"https:\/\/www.omasgegenrechts-dresden.de\/?p=778"},"modified":"2023-10-02T12:14:39","modified_gmt":"2023-10-02T10:14:39","slug":"gespraech-mit-der-spd-stadtratsfraktion-dresden-zum-umgang-mit-der-afd-und-weiteren-aktuellen-themen","status":"publish","type":"post","link":"https:\/\/www.omasgegenrechts-dresden.de\/index.php\/2023\/10\/02\/gespraech-mit-der-spd-stadtratsfraktion-dresden-zum-umgang-mit-der-afd-und-weiteren-aktuellen-themen\/","title":{"rendered":"Gespr\u00e4ch mit der SPD-Stadtratsfraktion Dresden zum Umgang mit der AfD und weiteren aktuellen Themen"},"content":{"rendered":"\n<p>Die <a href=\"https:\/\/www.dresden.de\/de\/rathaus\/politik\/stadtrat\/fraktionen\/spd.php\" target=\"_blank\" rel=\"noopener\" title=\"\">SPD-Stadtratsfraktion Dresden<\/a> hatte uns (Mai-Jana, Barbara, Helga) zu einem Gespr\u00e4ch eingeladen, nachdem wir im August an die Dresdner Abgeordneten den folgenden <strong>Brief zum Umgang mit der AfD<\/strong> gesendet hatten.<\/p>\n\n\n\n<div data-wp-interactive=\"core\/file\" class=\"wp-block-file\"><object data-wp-bind--hidden=\"!state.hasPdfPreview\" hidden class=\"wp-block-file__embed\" data=\"https:\/\/www.omasgegenrechts-dresden.de\/wp-content\/uploads\/2023\/10\/2023-08-Schreiben-wegen-AfD-an-MdB-Nasr-final.pdf\" type=\"application\/pdf\" style=\"width:100%;height:450px\" aria-label=\"Einbettung von 2023-08-Schreiben-wegen-AfD-an-MdB-Nasr-final.\"><\/object><a id=\"wp-block-file--media-64e01c72-71df-4fd7-8870-979a13cb94bd\" href=\"https:\/\/www.omasgegenrechts-dresden.de\/wp-content\/uploads\/2023\/10\/2023-08-Schreiben-wegen-AfD-an-MdB-Nasr-final.pdf\" target=\"_blank\" rel=\"noreferrer noopener\">2023-08-Schreiben-wegen-AfD-an-MdB-Nasr-final<\/a><\/div>\n\n\n\n<p>Hier eine Zusammenfassung der mit der SPD-Stadtratsfraktion besprochenen Themen:<\/p>\n\n\n\n<!--more-->\n\n\n\n<ol class=\"wp-block-list\">\n<li><strong>Unterst\u00fctzung durch die Partei beim Umgang mit der AfD:<\/strong><br>F\u00fcr die SPD ist klar, dass es <strong>keine aktive Zusammenarbeit mit der AfD<\/strong> gibt. Die Mitglieder der SPD-Fraktion und auch interessierte Genoss*innen werden durch die SPD-Stiftungen mit Schulungen und Infomaterial f\u00fcr die Arbeit an der Basis (Ortsgruppen, B\u00fcrgerkontakte) versorgt. Besonders interessant: eine Rhetorikschulung speziell f\u00fcr Frauen.<\/li>\n\n\n\n<li><strong>Zusammenarbeit mit CDU, FDP, Gr\u00fcnen, Linken gegen die AfD:<\/strong><br>Eine solche Zusammenarbeit gibt es <strong>nur themenbezogen<\/strong>. Die Jugendorganisationen sind in engerem Austausch, das lahmt aktuell aber.<\/li>\n\n\n\n<li><strong>Eindruck der Passivit\u00e4t aller Parteien im Vergleich zur AfD:<\/strong><br>Die AfD arbeitet fast gar nicht inhaltlich &#8211; also bei der L\u00f6sung anstehender Probleme &#8211; mit, sondern investiert ihre Kraft fast vollst\u00e4ndig in \u00f6ffentlichkeitswirksame Aktionen. Bei der SPD und den anderen Parteien ist es umgekehrt. Da die gesamte Arbeit im Stadtrat ehrenamtlich und in der Freizeit erfolgt, sind die Kapazit\u00e4ten f\u00fcr weitere Aktionen begrenzt.<br><strong>Auf diesen Umstand sollten wir unbedingt in Gespr\u00e4chen hinweisen: Die AfD hetzt und meckert, aber tr\u00e4gt nicht zur Probleml\u00f6sung bei!<\/strong><br>Die SPD und die Jusos sind insgesamt sehr aktiv bei Aktionen gegen Rechts, allerdings oft nicht als SPD sichtbar. Die Veranstalter bitten oft darum, auf Erkennungszeichen zu verzichten. Es gibt <strong>keine Ber\u00fchrungs\u00e4ngste zu linkeren B\u00fcndnissen wie <a href=\"https:\/\/www.facebook.com\/dresden.stellt.sich.quer?locale=de_DE\" target=\"_blank\" rel=\"noopener\" title=\"\">Dresden WiEdersetzen<\/a><\/strong>.<\/li>\n\n\n\n<li><strong>Einige Dresdner Besonderheiten:<\/strong><br>\u2022 F\u00fcr eine <strong>Alternative zu der von Rechten instrumentalisierten Menschenkette am 13. Februar<\/strong> wird es wohl <strong>keinen Konsens in der Stadt<\/strong> geben. Man hofft, dass der neue Beirat Erinnerungskultur (statt AG 13. Februar) p\u00fcnktlich 2024 am Start sein wird.<br>\u2022 Es gibt <strong>Instrumente der B\u00fcrgerbeteiligung in Dresden<\/strong>, mit denen wir uns mal besch\u00e4ftigen k\u00f6nnten.<br>\u2022 Letzte Frage: <strong>Warum d\u00fcrfen die Rechten immer auf die zentralen Pl\u00e4tze<\/strong>, freitags vor die Moschee, mit Trommeln vor die Fl\u00fcchtlingsunterkunft? Die Verantwortliche f\u00fcr die Versammlungsbeh\u00f6rde ist Eva J\u00e4hnigen, an sie sollten wir mit dieser Frage unbedingt herantreten.<\/li>\n<\/ol>\n\n\n\n<p>Fazit: <strong>Das war ein lohnendes Gespr\u00e4ch!<\/strong> Vielleicht sollten wir das bei der CDU auch nochmal probieren.<\/p>\n\n\n\n<p class=\"has-text-align-right\">Helga<\/p>\n","protected":false},"excerpt":{"rendered":"<p>Die SPD-Stadtratsfraktion Dresden hatte uns (Mai-Jana, Barbara, Helga) zu einem Gespr\u00e4ch eingeladen, nachdem wir im August an die Dresdner Abgeordneten den folgenden Brief zum Umgang mit der AfD gesendet hatten. Hier eine Zusammenfassung der mit der SPD-Stadtratsfraktion besprochenen Themen:<\/p>\n","protected":false},"author":1,"featured_media":0,"comment_status":"closed","ping_status":"closed","sticky":false,"template":"","format":"standard","meta":{"om_disable_all_campaigns":false,"_monsterinsights_skip_tracking":false,"_monsterinsights_sitenote_active":false,"_monsterinsights_sitenote_note":"","_monsterinsights_sitenote_category":0,"footnotes":""},"categories":[10],"tags":[],"class_list":["post-778","post","type-post","status-publish","format-standard","hentry","category-aktivitaeten"],"aioseo_notices":[],"_links":{"self":[{"href":"https:\/\/www.omasgegenrechts-dresden.de\/index.php\/wp-json\/wp\/v2\/posts\/778","targetHints":{"allow":["GET"]}}],"collection":[{"href":"https:\/\/www.omasgegenrechts-dresden.de\/index.php\/wp-json\/wp\/v2\/posts"}],"about":[{"href":"https:\/\/www.omasgegenrechts-dresden.de\/index.php\/wp-json\/wp\/v2\/types\/post"}],"author":[{"embeddable":true,"href":"https:\/\/www.omasgegenrechts-dresden.de\/index.php\/wp-json\/wp\/v2\/users\/1"}],"replies":[{"embeddable":true,"href":"https:\/\/www.omasgegenrechts-dresden.de\/index.php\/wp-json\/wp\/v2\/comments?post=778"}],"version-history":[{"count":10,"href":"https:\/\/www.omasgegenrechts-dresden.de\/index.php\/wp-json\/wp\/v2\/posts\/778\/revisions"}],"predecessor-version":[{"id":794,"href":"https:\/\/www.omasgegenrechts-dresden.de\/index.php\/wp-json\/wp\/v2\/posts\/778\/revisions\/794"}],"wp:attachment":[{"href":"https:\/\/www.omasgegenrechts-dresden.de\/index.php\/wp-json\/wp\/v2\/media?parent=778"}],"wp:term":[{"taxonomy":"category","embeddable":true,"href":"https:\/\/www.omasgegenrechts-dresden.de\/index.php\/wp-json\/wp\/v2\/categories?post=778"},{"taxonomy":"post_tag","embeddable":true,"href":"https:\/\/www.omasgegenrechts-dresden.de\/index.php\/wp-json\/wp\/v2\/tags?post=778"}],"curies":[{"name":"wp","href":"https:\/\/api.w.org\/{rel}","templated":true}]}}