{"id":795,"date":"2023-10-09T20:10:07","date_gmt":"2023-10-09T18:10:07","guid":{"rendered":"https:\/\/www.omasgegenrechts-dresden.de\/?p=795"},"modified":"2023-10-10T19:12:19","modified_gmt":"2023-10-10T17:12:19","slug":"gegenhalten-vielfalt-und-toleranz-statt-rechtsextremismus-und-verschwoerungsideologien","status":"publish","type":"post","link":"https:\/\/www.omasgegenrechts-dresden.de\/index.php\/2023\/10\/09\/gegenhalten-vielfalt-und-toleranz-statt-rechtsextremismus-und-verschwoerungsideologien\/","title":{"rendered":"Gegenhalten \u2013\u00a0 Vielfalt und Toleranz statt Rechtsextremismus und Verschw\u00f6rungsideologien"},"content":{"rendered":"\n<p>Am 28. Oktober steht Dresden leider wieder einmal vor einer Herausforderung: Neben einer Querdenken-Gro\u00dfdemo, die auch von den &#8220;Freien Sachsen&#8221; unterst\u00fctzt wird, mobilisiert parallel die Reichsb\u00fcrger*innen-Szene zu einem \u201egro\u00dfen Treffen aller Bundesstaaten\u201c nach Dresden. <\/p>\n\n\n\n<p>Dies darf und wird nicht unwidersprochen bleiben.<\/p>\n\n\n\n<!--more-->\n\n\n\n<h2 class=\"wp-block-heading\">Wof\u00fcr stehen wir?<\/h2>\n\n\n\n<p>Wir treten ein f\u00fcr:<\/p>\n\n\n\n<ul class=\"wp-block-list\">\n<li>eine demokratische, rechtsstaatlich organisierte, freie Gesellschaft\u00a0<\/li>\n\n\n\n<li>die Erhaltung der parlamentarischen Demokratie in einem geeinten Europa<\/li>\n\n\n\n<li>gleiche Rechte aller in Deutschland lebenden Frauen, M\u00e4nner und Kinder, um den Erhalt sozialer Standards<\/li>\n\n\n\n<li>den Respekt und die Achtung gegen\u00fcber anderen Mitb\u00fcrgerinnen und Mitb\u00fcrgern unabh\u00e4ngig von ihrer Religion, ethnischen Zugeh\u00f6rigkeit und sexuellen Ausrichtung<\/li>\n\n\n\n<li>das Erinnern an die Verbrechen des NS-Regimes und das Gedenken an dessen Opfer<\/li>\n<\/ul>\n\n\n\n<h2 class=\"wp-block-heading\">Was k\u00f6nnen wir tun?<\/h2>\n\n\n\n<p>Wir k\u00f6nnen Haltung zeigen gegen Menschenfeindlichkeit, Rassismus, Antisemitismus, Faschismus, Wissenschaftsfeindlichkeit und stattdessen einstehen f\u00fcr Demokratie, Solidarit\u00e4t, Vielfalt, Toleranz, Pluralit\u00e4t.<\/p>\n\n\n\n<p>Auf dem <strong>Theaterplatz<\/strong> gibt es <strong>ab 13:30 Uhr<\/strong> die M\u00f6glichkeit zum <strong>Gegenprotest in H\u00f6r- und Sichtweite<\/strong>, dem wir uns anschlie\u00dfen k\u00f6nnen. Rede- und Kulturbeitr\u00e4ge sind gern gesehen, auch spontan. Die erforderliche Technik steht bereit.<br><strong>Lasst uns gemeinsam ein Zeichen setzen gegen Rechtsextremismus und Verschw\u00f6rungsideologien!<\/strong><\/p>\n\n\n\n<p>Bitte teilt diese Informationen auch in Eurem Umfeld!<\/p>\n","protected":false},"excerpt":{"rendered":"<p>Am 28. Oktober steht Dresden leider wieder einmal vor einer Herausforderung: Neben einer Querdenken-Gro\u00dfdemo, die auch von den &#8220;Freien Sachsen&#8221; unterst\u00fctzt wird, mobilisiert parallel die Reichsb\u00fcrger*innen-Szene zu einem \u201egro\u00dfen Treffen aller Bundesstaaten\u201c nach Dresden. Dies darf und wird nicht unwidersprochen bleiben.<\/p>\n","protected":false},"author":4,"featured_media":0,"comment_status":"closed","ping_status":"closed","sticky":false,"template":"","format":"standard","meta":{"om_disable_all_campaigns":false,"_monsterinsights_skip_tracking":false,"_monsterinsights_sitenote_active":false,"_monsterinsights_sitenote_note":"","_monsterinsights_sitenote_category":0,"footnotes":""},"categories":[10],"tags":[],"class_list":["post-795","post","type-post","status-publish","format-standard","hentry","category-aktivitaeten"],"aioseo_notices":[],"_links":{"self":[{"href":"https:\/\/www.omasgegenrechts-dresden.de\/index.php\/wp-json\/wp\/v2\/posts\/795","targetHints":{"allow":["GET"]}}],"collection":[{"href":"https:\/\/www.omasgegenrechts-dresden.de\/index.php\/wp-json\/wp\/v2\/posts"}],"about":[{"href":"https:\/\/www.omasgegenrechts-dresden.de\/index.php\/wp-json\/wp\/v2\/types\/post"}],"author":[{"embeddable":true,"href":"https:\/\/www.omasgegenrechts-dresden.de\/index.php\/wp-json\/wp\/v2\/users\/4"}],"replies":[{"embeddable":true,"href":"https:\/\/www.omasgegenrechts-dresden.de\/index.php\/wp-json\/wp\/v2\/comments?post=795"}],"version-history":[{"count":3,"href":"https:\/\/www.omasgegenrechts-dresden.de\/index.php\/wp-json\/wp\/v2\/posts\/795\/revisions"}],"predecessor-version":[{"id":799,"href":"https:\/\/www.omasgegenrechts-dresden.de\/index.php\/wp-json\/wp\/v2\/posts\/795\/revisions\/799"}],"wp:attachment":[{"href":"https:\/\/www.omasgegenrechts-dresden.de\/index.php\/wp-json\/wp\/v2\/media?parent=795"}],"wp:term":[{"taxonomy":"category","embeddable":true,"href":"https:\/\/www.omasgegenrechts-dresden.de\/index.php\/wp-json\/wp\/v2\/categories?post=795"},{"taxonomy":"post_tag","embeddable":true,"href":"https:\/\/www.omasgegenrechts-dresden.de\/index.php\/wp-json\/wp\/v2\/tags?post=795"}],"curies":[{"name":"wp","href":"https:\/\/api.w.org\/{rel}","templated":true}]}}