{"id":824,"date":"2023-10-15T20:00:44","date_gmt":"2023-10-15T18:00:44","guid":{"rendered":"https:\/\/www.omasgegenrechts-dresden.de\/?p=824"},"modified":"2023-10-15T20:00:44","modified_gmt":"2023-10-15T18:00:44","slug":"statement-zum-krieg-zwischen-israel-und-der-hamas","status":"publish","type":"post","link":"https:\/\/www.omasgegenrechts-dresden.de\/index.php\/2023\/10\/15\/statement-zum-krieg-zwischen-israel-und-der-hamas\/","title":{"rendered":"Statement zum Krieg zwischen Israel und der Hamas"},"content":{"rendered":"\n<p>Wir protestieren auf das Sch\u00e4rfste gegen den terroristischen \u00dcberfall der Hamas auf Israel. Die vielen Toten und das Leid ihrer Angeh\u00f6rigen und Freunde gehen uns nahe. Die gezielte Ermordung von unbewaffneten Kindern, Frauen und M\u00e4nnern, die Entf\u00fchrung von Menschen vieler Nationen in die Ungewissheit, beraubt aller Kontaktm\u00f6glichkeiten, misshandelt und gequ\u00e4lt. Zus\u00e4tzlich ausgeliefert der Gefahr, im Kampfgebiet des Gazastreifens als Schutzschild missbraucht zu werden und ignoriert von allen beteiligten Kriegsgegnern als hinzunehmender Kollateralschaden.<\/p>\n\n\n\n<!--more-->\n\n\n\n<p>Das alles sind die grausamen Gesichter des Krieges.<\/p>\n\n\n\n<p>Wir sind auf das \u00c4u\u00dferste beunruhigt \u00fcber die Gewaltspirale, die nun in Gang gesetzt ist und weiteren Tausenden Menschen das Leben kosten wird, ohne dass dadurch Terrorismus wirklich beendet wird.<\/p>\n\n\n\n<p>Schockiert blicken wir in die Fratze des heutigen Antisemitismus, der versucht, \u00fcberall in der Welt zur Verunglimpfung und Ermordung von Menschen j\u00fcdischen Glaubens aufzuhetzen.<\/p>\n\n\n\n<p>Wir fordern unsere Regierung, die UNO und alle Staaten der Welt auf, darauf hinzuwirken, dass der aktuelle Krieg sofort beendet wird. Die Weltgemeinschaft steht in der Verantwortung, die Staaten und Menschen im Nahen Osten zu unterst\u00fctzen, zu einer fairen Gestaltung ihres Miteinanders zu kommen. Dabei m\u00fcssen alle berechtigten Interessen der Betroffenen ber\u00fccksichtigt werden.<\/p>\n\n\n\n<p>Wir rufen auf, die Hamas international zu \u00e4chten, damit die Pal\u00e4stinenser eine echte Chance auf Verhandlungen und R\u00fcckkehr zum Frieden bekommen.<\/p>\n\n\n\n<p>Legt internationale Finanzstr\u00f6me lahm, nehmt die humanit\u00e4re Versorgung der Menschen im Gazastreifen wieder auf und gebt Geld f\u00fcr eine Wiederaufbauhilfe f\u00fcr unschuldig betroffene Pal\u00e4stinenser.<\/p>\n\n\n\n<p>So wird ein friedliches und menschenw\u00fcrdiges Leben in der Region m\u00f6glich sein!<\/p>\n\n\n\n<p>Schalom! \u00a0<br>OMAS GEGEN RECHTS.DRESDEN<\/p>\n","protected":false},"excerpt":{"rendered":"<p>Wir protestieren auf das Sch\u00e4rfste gegen den terroristischen \u00dcberfall der Hamas auf Israel. Die vielen Toten und das Leid ihrer Angeh\u00f6rigen und Freunde gehen uns nahe. Die gezielte Ermordung von unbewaffneten Kindern, Frauen und M\u00e4nnern, die Entf\u00fchrung von Menschen vieler Nationen in die Ungewissheit, beraubt aller Kontaktm\u00f6glichkeiten, misshandelt und gequ\u00e4lt. Zus\u00e4tzlich ausgeliefert der Gefahr, im Kampfgebiet des Gazastreifens als Schutzschild<\/p>\n","protected":false},"author":1,"featured_media":0,"comment_status":"closed","ping_status":"closed","sticky":false,"template":"","format":"standard","meta":{"om_disable_all_campaigns":false,"_monsterinsights_skip_tracking":false,"_monsterinsights_sitenote_active":false,"_monsterinsights_sitenote_note":"","_monsterinsights_sitenote_category":0,"footnotes":""},"categories":[10],"tags":[],"class_list":["post-824","post","type-post","status-publish","format-standard","hentry","category-aktivitaeten"],"aioseo_notices":[],"_links":{"self":[{"href":"https:\/\/www.omasgegenrechts-dresden.de\/index.php\/wp-json\/wp\/v2\/posts\/824","targetHints":{"allow":["GET"]}}],"collection":[{"href":"https:\/\/www.omasgegenrechts-dresden.de\/index.php\/wp-json\/wp\/v2\/posts"}],"about":[{"href":"https:\/\/www.omasgegenrechts-dresden.de\/index.php\/wp-json\/wp\/v2\/types\/post"}],"author":[{"embeddable":true,"href":"https:\/\/www.omasgegenrechts-dresden.de\/index.php\/wp-json\/wp\/v2\/users\/1"}],"replies":[{"embeddable":true,"href":"https:\/\/www.omasgegenrechts-dresden.de\/index.php\/wp-json\/wp\/v2\/comments?post=824"}],"version-history":[{"count":1,"href":"https:\/\/www.omasgegenrechts-dresden.de\/index.php\/wp-json\/wp\/v2\/posts\/824\/revisions"}],"predecessor-version":[{"id":825,"href":"https:\/\/www.omasgegenrechts-dresden.de\/index.php\/wp-json\/wp\/v2\/posts\/824\/revisions\/825"}],"wp:attachment":[{"href":"https:\/\/www.omasgegenrechts-dresden.de\/index.php\/wp-json\/wp\/v2\/media?parent=824"}],"wp:term":[{"taxonomy":"category","embeddable":true,"href":"https:\/\/www.omasgegenrechts-dresden.de\/index.php\/wp-json\/wp\/v2\/categories?post=824"},{"taxonomy":"post_tag","embeddable":true,"href":"https:\/\/www.omasgegenrechts-dresden.de\/index.php\/wp-json\/wp\/v2\/tags?post=824"}],"curies":[{"name":"wp","href":"https:\/\/api.w.org\/{rel}","templated":true}]}}