{"id":853,"date":"2023-10-29T18:26:41","date_gmt":"2023-10-29T17:26:41","guid":{"rendered":"https:\/\/www.omasgegenrechts-dresden.de\/?p=853"},"modified":"2023-10-30T08:18:06","modified_gmt":"2023-10-30T07:18:06","slug":"alle-jahre-wieder","status":"publish","type":"post","link":"https:\/\/www.omasgegenrechts-dresden.de\/index.php\/2023\/10\/29\/alle-jahre-wieder\/","title":{"rendered":"Alle Jahre wieder&#8230;"},"content":{"rendered":"\n<p>&#8230; mobilisieren Rechtsextremist*innen im Oktober nach Dresden. So auch am 28.10.2023: Neben einer Querdenken-Gro\u00dfdemo rief die Reichsb\u00fcrger*innen-Szene zu einem \u201egro\u00dfen Treffen aller Bundesstaaten\u201c nach Dresden, und die rechtsextremistischen \u201eFreien Sachsen\u201c durften da nat\u00fcrlich auch nicht fehlen. Doch dies blieb nicht unwidersprochen. <\/p>\n\n\n\n<!--more-->\n\n\n\n<p>Wie unter <a href=\"https:\/\/www.omasgegenrechts-dresden.de\/index.php\/2023\/10\/09\/gegenhalten-vielfalt-und-toleranz-statt-rechtsextremismus-und-verschwoerungsideologien\/\" target=\"_blank\" rel=\"noopener\" title=\"\">Gegenhalten \u2013&nbsp; Vielfalt und Toleranz statt Rechtsextremismus und Verschw\u00f6rungsideologien<\/a> angek\u00fcndigt, zeigten am Theaterplatz demokratische Kr\u00e4fte aller Couleur Haltung gegen Verschw\u00f6rungsideologien, Menschenfeindlichkeit, Rassismus, Antisemitismus, Rechtsextremismus und Faschismus.<\/p>\n\n\n\n<div class=\"wp-block-media-text is-stacked-on-mobile\" style=\"grid-template-columns:49% auto\"><figure class=\"wp-block-media-text__media\"><img loading=\"lazy\" decoding=\"async\" width=\"1024\" height=\"768\" src=\"https:\/\/www.omasgegenrechts-dresden.de\/wp-content\/uploads\/2023\/10\/2023-10-28-14.23.36-1024x768.jpg\" alt=\"\" class=\"wp-image-857 size-full\" srcset=\"https:\/\/www.omasgegenrechts-dresden.de\/wp-content\/uploads\/2023\/10\/2023-10-28-14.23.36-1024x768.jpg 1024w, https:\/\/www.omasgegenrechts-dresden.de\/wp-content\/uploads\/2023\/10\/2023-10-28-14.23.36-300x225.jpg 300w, https:\/\/www.omasgegenrechts-dresden.de\/wp-content\/uploads\/2023\/10\/2023-10-28-14.23.36-768x576.jpg 768w, https:\/\/www.omasgegenrechts-dresden.de\/wp-content\/uploads\/2023\/10\/2023-10-28-14.23.36-1536x1152.jpg 1536w, https:\/\/www.omasgegenrechts-dresden.de\/wp-content\/uploads\/2023\/10\/2023-10-28-14.23.36-2048x1536.jpg 2048w\" sizes=\"auto, (max-width: 1024px) 100vw, 1024px\" \/><\/figure><div class=\"wp-block-media-text__content\">\n<p>Organisiert vom <a href=\"https:\/\/www.stura.tu-dresden.de\/\" target=\"_blank\" rel=\"noopener\" title=\"\">Stura Dresden<\/a> wurden in diversen Redebeitr\u00e4gen Zeichen gesetzt f\u00fcr Demokratie, Solidarit\u00e4t, Vielfalt, Toleranz und Pluralit\u00e4t.<\/p>\n\n\n\n<p>Wie so oft lie\u00df die <a href=\"https:\/\/www.bandacomunale.de\/\" target=\"_blank\" rel=\"noopener\" title=\"\">Banda Comunale<\/a> die Beine der Demonstrierenden ins Zucken kommen \ud83d\ude42<\/p>\n<\/div><\/div>\n\n\n\n<div class=\"wp-block-media-text has-media-on-the-right is-stacked-on-mobile\" style=\"grid-template-columns:auto 36%\"><div class=\"wp-block-media-text__content\">\n<p>Sp\u00e4ter dann wurde der rechtsextremistische Aufzug durch die Innenstadt lautstark durch den Gegenprotest &#8220;begleitet&#8221; &#8211; mit dabei nat\u00fcrlich auch die OMAS GEGEN RECHTS.DRESDEN.<\/p>\n\n\n\n<p>\u201eEs gibt kein Recht auf Nazi-Propaganda\u201c, \u201eNationalismus raus aus den K\u00f6pfen\u201c und \u201eNazis raus!\u201c ebenso wie &#8220;Hopp, hopp, hopp &#8211; Schwurbel stopp&#8221; t\u00f6nte es hin\u00fcber zum Aufmarsch aus Quergida, Reichsb\u00fcrger*innen, &#8220;Freien Sachsen&#8221; und sonstigen Rechtsextremist*innen.<\/p>\n<\/div><figure class=\"wp-block-media-text__media\"><img loading=\"lazy\" decoding=\"async\" width=\"768\" height=\"1024\" src=\"https:\/\/www.omasgegenrechts-dresden.de\/wp-content\/uploads\/2023\/10\/2023-10-28-15.36.34-768x1024.jpg\" alt=\"\" class=\"wp-image-858 size-full\" srcset=\"https:\/\/www.omasgegenrechts-dresden.de\/wp-content\/uploads\/2023\/10\/2023-10-28-15.36.34-768x1024.jpg 768w, https:\/\/www.omasgegenrechts-dresden.de\/wp-content\/uploads\/2023\/10\/2023-10-28-15.36.34-225x300.jpg 225w, https:\/\/www.omasgegenrechts-dresden.de\/wp-content\/uploads\/2023\/10\/2023-10-28-15.36.34-1152x1536.jpg 1152w, https:\/\/www.omasgegenrechts-dresden.de\/wp-content\/uploads\/2023\/10\/2023-10-28-15.36.34-1536x2048.jpg 1536w, https:\/\/www.omasgegenrechts-dresden.de\/wp-content\/uploads\/2023\/10\/2023-10-28-15.36.34-scaled.jpg 1920w\" sizes=\"auto, (max-width: 768px) 100vw, 768px\" \/><\/figure><\/div>\n\n\n\n<p>Ich h\u00e4tte mir noch mehr Engagement aus der Zivilbev\u00f6lkerung gew\u00fcnscht. Viele neugierige, erstaunte Blicke von den Eink\u00e4ufer*innen am Stra\u00dfenrand, aber kaum jemand, der sich mit einreihte. Aber was nicht ist, kann ja noch werden &#8211; wir arbeiten dran!<\/p>\n\n\n\n<p>Unter <a href=\"https:\/\/www.mdr.de\/nachrichten\/sachsen\/dresden\/demonstration-querdenker-reichsbuerger-gegenprotest-polizei-100.html\" target=\"_blank\" rel=\"noopener\" title=\"\">Hunderte demonstrieren gegen &#8220;Querdenker&#8221;-Kundgebung in Dresden<\/a> gibt der mdr eine Zusammenfassung. <a href=\"https:\/\/www.dnn.de\/lokales\/dresden\/dd2810-die-fotos-vom-demo-tag-in-dresden-ZDA4TBBGINFJDBZJ6DMDZEYOYE.html\" target=\"_blank\" rel=\"noopener\" title=\"\">Die Fotos vom Demo-Samstag in Dresden<\/a> gibt es hier zum Durchbl\u00e4ttern.<\/p>\n\n\n\n<hr class=\"wp-block-separator has-alpha-channel-opacity\"\/>\n\n\n\n<p>UPDATE 30.10.2023<\/p>\n\n\n\n<p>Mit etwas Abstand und den letzten Meldungen kommt bei mir auch etwas Ern\u00fcchterung auf. Nachfolgend eine aus meiner Sicht recht gute Zusammenfassung:<\/p>\n\n\n\n<figure class=\"wp-block-embed aligncenter is-type-rich is-provider-twitter wp-block-embed-twitter\"><div class=\"wp-block-embed__wrapper\">\n<blockquote class=\"twitter-tweet\" data-width=\"550\" data-dnt=\"true\"><p lang=\"de\" dir=\"ltr\">Querdenken und Rechtsextreme blieben nicht unkommentiert.<br>Auch Protest gegen den Querdenken-Aufmarsch gab es. So schlossen sich etwa 600 Personen einem Aufruf von Herz statt Hetzte und anderen Organisationen an. Es kam immer wieder zu direktem Protest in H\u00f6r- und Sichtweite. 1\/3 <a href=\"https:\/\/t.co\/LxknuGsGQS\">pic.twitter.com\/LxknuGsGQS<\/a><\/p>&mdash; Pixel_Roulette (@Pixel_Roulette) <a href=\"https:\/\/twitter.com\/Pixel_Roulette\/status\/1718703049449852985?ref_src=twsrc%5Etfw\">October 29, 2023<\/a><\/blockquote><script async src=\"https:\/\/platform.twitter.com\/widgets.js\" charset=\"utf-8\"><\/script>\n<\/div><\/figure>\n\n\n\n<figure class=\"wp-block-embed is-type-rich is-provider-twitter wp-block-embed-twitter\"><div class=\"wp-block-embed__wrapper\">\n<blockquote class=\"twitter-tweet\" data-width=\"550\" data-dnt=\"true\"><p lang=\"de\" dir=\"ltr\">Es kam zu Schl\u00e4gen gegen K\u00f6pfe und dem Einsatz von Pfefferspray. Auf der anderen Seite der Carolabr\u00fccke, Neustadtseite, gab es ebenso einen Blockadeversuch. Diese Menschen konnten sitzen bleiben und der Querdenken Aufmarsch wurde vorbeigef\u00fchrt. 3\/3 <a href=\"https:\/\/t.co\/asHRvxU8Vw\">pic.twitter.com\/asHRvxU8Vw<\/a><\/p>&mdash; Pixel_Roulette (@Pixel_Roulette) <a href=\"https:\/\/twitter.com\/Pixel_Roulette\/status\/1718703056794124433?ref_src=twsrc%5Etfw\">October 29, 2023<\/a><\/blockquote><script async src=\"https:\/\/platform.twitter.com\/widgets.js\" charset=\"utf-8\"><\/script>\n<\/div><\/figure>\n\n\n\n<p>Ja, die Rechtsextremist*innen konnten ihren &#8220;Aufzug&#8221; in Dresdens bester Innenstadtlage ohne ausschlaggebende Einschr\u00e4nkungen durchziehen. Menschen aus dem Gegenprotest waren zum Teil sogar Repressalien ausgesetzt. Das ist frustrierend. <\/p>\n\n\n\n<p>Aber dennoch: Der Gegenprotest war da und wurde auch wahrgenommen. Lasst uns weiterhin Zeichen setzen f\u00fcr Vielfalt und Toleranz statt Rechtsextremismus und Verschw\u00f6rungsideologien! Wir werden nicht aufgeben \ud83d\ude42<\/p>\n\n\n\n<p>Schon am 6.11. gibt es die n\u00e4chste Gelegenheit dazu: <a href=\"https:\/\/www.omasgegenrechts-dresden.de\/?p=861\" target=\"_blank\" rel=\"noopener\" title=\"Nach der Demo ist vor der Demo: am 6.11. Pegida verhindern!\">Nach der Demo ist vor der Demo: am 6.11. Pegida verhindern!<\/a><\/p>\n","protected":false},"excerpt":{"rendered":"<p>&#8230; mobilisieren Rechtsextremist*innen im Oktober nach Dresden. So auch am 28.10.2023: Neben einer Querdenken-Gro\u00dfdemo rief die Reichsb\u00fcrger*innen-Szene zu einem \u201egro\u00dfen Treffen aller Bundesstaaten\u201c nach Dresden, und die rechtsextremistischen \u201eFreien Sachsen\u201c durften da nat\u00fcrlich auch nicht fehlen. Doch dies blieb nicht unwidersprochen.<\/p>\n","protected":false},"author":4,"featured_media":859,"comment_status":"closed","ping_status":"closed","sticky":false,"template":"","format":"standard","meta":{"om_disable_all_campaigns":false,"_monsterinsights_skip_tracking":false,"_monsterinsights_sitenote_active":false,"_monsterinsights_sitenote_note":"","_monsterinsights_sitenote_category":0,"footnotes":""},"categories":[10],"tags":[],"class_list":["post-853","post","type-post","status-publish","format-standard","has-post-thumbnail","hentry","category-aktivitaeten"],"aioseo_notices":[],"_links":{"self":[{"href":"https:\/\/www.omasgegenrechts-dresden.de\/index.php\/wp-json\/wp\/v2\/posts\/853","targetHints":{"allow":["GET"]}}],"collection":[{"href":"https:\/\/www.omasgegenrechts-dresden.de\/index.php\/wp-json\/wp\/v2\/posts"}],"about":[{"href":"https:\/\/www.omasgegenrechts-dresden.de\/index.php\/wp-json\/wp\/v2\/types\/post"}],"author":[{"embeddable":true,"href":"https:\/\/www.omasgegenrechts-dresden.de\/index.php\/wp-json\/wp\/v2\/users\/4"}],"replies":[{"embeddable":true,"href":"https:\/\/www.omasgegenrechts-dresden.de\/index.php\/wp-json\/wp\/v2\/comments?post=853"}],"version-history":[{"count":9,"href":"https:\/\/www.omasgegenrechts-dresden.de\/index.php\/wp-json\/wp\/v2\/posts\/853\/revisions"}],"predecessor-version":[{"id":891,"href":"https:\/\/www.omasgegenrechts-dresden.de\/index.php\/wp-json\/wp\/v2\/posts\/853\/revisions\/891"}],"wp:featuredmedia":[{"embeddable":true,"href":"https:\/\/www.omasgegenrechts-dresden.de\/index.php\/wp-json\/wp\/v2\/media\/859"}],"wp:attachment":[{"href":"https:\/\/www.omasgegenrechts-dresden.de\/index.php\/wp-json\/wp\/v2\/media?parent=853"}],"wp:term":[{"taxonomy":"category","embeddable":true,"href":"https:\/\/www.omasgegenrechts-dresden.de\/index.php\/wp-json\/wp\/v2\/categories?post=853"},{"taxonomy":"post_tag","embeddable":true,"href":"https:\/\/www.omasgegenrechts-dresden.de\/index.php\/wp-json\/wp\/v2\/tags?post=853"}],"curies":[{"name":"wp","href":"https:\/\/api.w.org\/{rel}","templated":true}]}}