{"id":861,"date":"2023-10-30T08:17:00","date_gmt":"2023-10-30T07:17:00","guid":{"rendered":"https:\/\/www.omasgegenrechts-dresden.de\/?p=861"},"modified":"2023-11-03T19:59:16","modified_gmt":"2023-11-03T18:59:16","slug":"nach-der-demo-ist-vor-der-demo-am-6-11-pegida-verhindern","status":"publish","type":"post","link":"https:\/\/www.omasgegenrechts-dresden.de\/index.php\/2023\/10\/30\/nach-der-demo-ist-vor-der-demo-am-6-11-pegida-verhindern\/","title":{"rendered":"Nach der Demo ist vor der Demo: am 6.11. Pegida verhindern!"},"content":{"rendered":"\n<p>Kaum haben sich die F\u00fc\u00dfe vom <a href=\"https:\/\/www.omasgegenrechts-dresden.de\/index.php\/2023\/10\/29\/alle-jahre-wieder\/\" target=\"_blank\" rel=\"noopener\" title=\"\">28.10. in Dresden<\/a> erholt, gibt es den n\u00e4chsten Aufruf:<\/p>\n\n\n<div class=\"wp-block-image\">\n<figure class=\"aligncenter size-full\"><img loading=\"lazy\" decoding=\"async\" width=\"640\" height=\"640\" src=\"https:\/\/www.omasgegenrechts-dresden.de\/wp-content\/uploads\/2023\/10\/F9Ws3X8XgAAMeL3-2.jpeg\" alt=\"Pegida verhindern!\" class=\"wp-image-866\" srcset=\"https:\/\/www.omasgegenrechts-dresden.de\/wp-content\/uploads\/2023\/10\/F9Ws3X8XgAAMeL3-2.jpeg 640w, https:\/\/www.omasgegenrechts-dresden.de\/wp-content\/uploads\/2023\/10\/F9Ws3X8XgAAMeL3-2-300x300.jpeg 300w, https:\/\/www.omasgegenrechts-dresden.de\/wp-content\/uploads\/2023\/10\/F9Ws3X8XgAAMeL3-2-150x150.jpeg 150w\" sizes=\"auto, (max-width: 640px) 100vw, 640px\" \/><\/figure>\n<\/div>\n\n\n<p>Leider versucht am 06.11.23 <strong>Pegida <\/strong>unter Lutz Bachmann ein Comeback. Als Gastredner sollen der <strong>Faschist Bj\u00f6rn H\u00f6cke <\/strong>und der <strong>Rechtsextremist Andreas Kalbitz<\/strong> sprechen. Initiativen, Vereine, Parteien und Einzelpersonen wollen dies <strong>verhindern <\/strong>und rufen daher f\u00fcr den 06.11.23 zum Gegenprotest auf.<\/p>\n\n\n\n<!--more-->\n\n\n\n<p>Genauere Informationen werden die n\u00e4chsten Tage auf Social Media unter dem Hashtag <a href=\"https:\/\/twitter.com\/hashtag\/dd0611?src=hashtag_click&amp;f=live\" target=\"_blank\" rel=\"noopener\" title=\"\">#dd0611<\/a> bekannt gegeben. <\/p>\n\n\n\n<p><strong>Bitte verbreitet die Nachricht weiter und kommt am 06.11.23 zahlreich, um ein Comeback von Pegida zu verhindern.<\/strong><\/p>\n\n\n\n<hr class=\"wp-block-separator has-alpha-channel-opacity\"\/>\n\n\n\n<p>UPDATE 02.11.23<\/p>\n\n\n\n<p><strong>Nachfolgend\u00a0der Aufruf von <a href=\"https:\/\/hsh-dresden.de\/\" target=\"_blank\" rel=\"noopener\" title=\"\">Herz statt Hetze<\/a>:<\/strong><\/p>\n\n\n\n<p>Liebe beherzte Menschen,<\/p>\n\n\n\n<p>keine Partei, kein Versammlungsgesetz, keine juristische Grenze kann das verantwortliche Handeln jedes einzelnen Menschen ersetzen. Was aus unserer Demokratie wird, wie lange sie Bestand hat und wie sie sich ver\u00e4ndert, das entscheiden ganz allein wir.<\/p>\n\n\n\n<p>Schaut nicht weg! Wehrt euch mit uns gemeinsam am 06.11.23 in Dresden gegen die, die unser Land in dunkelste Zeiten zur\u00fcckf\u00fchren wollen.&nbsp;<\/p>\n\n\n\n<p>\ud83d\udc49 Pegida ist mit H\u00f6cke ab 18:30 Uhr auf dem Schlo\u00dfplatz<br>\ud83d\udc49 Querdenken ist mit Kalbitz ab 19:00 Uhr am Kulturpalast<br>\ud83d\udc49 Sie werden sp\u00e4ter gemeinsam durch die Stadt \u201emarschieren\u201c.<\/p>\n\n\n\n<p>In der Mehrzahl junge Menschen haben dagegen Protest organisiert. Schlie\u00dft euch an:<\/p>\n\n\n\n<p>\ud83d\udc49 Zubringerdemo aus der Neustadt mit Ende am Schlo\u00dfplatz. Start 17:15 Uhr mit einer Auftaktkundgebung im Alaunpark<br>\ud83d\udc49 Zubringerdemo aus der S\u00fcdvorstadt mit Ende am Kulturplast. Start 18:15 Uhr am Fritz-F\u00f6rster-Platz<br>\ud83d\udc49 Kundgebung \u201eBj\u00f6rn H\u00f6cke ist ein Nazi.\u201c am oberen Ende der Treppe von den Br\u00fchlschen Terrassen zum Schlo\u00dfplatz. Beginn 18:00 Uhr<\/p>\n\n\n\n<p>Auf allen drei Veranstaltungen wird es die M\u00f6glichkeit zu einem Protest in Sicht- und H\u00f6rweite geben.&nbsp;<\/p>\n\n\n\n<p><strong>Es wird bunt und laut f\u00fcr ein solidarisches, weltoffenes Dresden!<\/strong><\/p>\n","protected":false},"excerpt":{"rendered":"<p>Kaum haben sich die F\u00fc\u00dfe vom 28.10. in Dresden erholt, gibt es den n\u00e4chsten Aufruf: Leider versucht am 06.11.23 Pegida unter Lutz Bachmann ein Comeback. Als Gastredner sollen der Faschist Bj\u00f6rn H\u00f6cke und der Rechtsextremist Andreas Kalbitz sprechen. Initiativen, Vereine, Parteien und Einzelpersonen wollen dies verhindern und rufen daher f\u00fcr den 06.11.23 zum Gegenprotest auf.<\/p>\n","protected":false},"author":4,"featured_media":0,"comment_status":"closed","ping_status":"closed","sticky":false,"template":"","format":"standard","meta":{"om_disable_all_campaigns":false,"_monsterinsights_skip_tracking":false,"_monsterinsights_sitenote_active":false,"_monsterinsights_sitenote_note":"","_monsterinsights_sitenote_category":0,"footnotes":""},"categories":[10],"tags":[],"class_list":["post-861","post","type-post","status-publish","format-standard","hentry","category-aktivitaeten"],"aioseo_notices":[],"_links":{"self":[{"href":"https:\/\/www.omasgegenrechts-dresden.de\/index.php\/wp-json\/wp\/v2\/posts\/861","targetHints":{"allow":["GET"]}}],"collection":[{"href":"https:\/\/www.omasgegenrechts-dresden.de\/index.php\/wp-json\/wp\/v2\/posts"}],"about":[{"href":"https:\/\/www.omasgegenrechts-dresden.de\/index.php\/wp-json\/wp\/v2\/types\/post"}],"author":[{"embeddable":true,"href":"https:\/\/www.omasgegenrechts-dresden.de\/index.php\/wp-json\/wp\/v2\/users\/4"}],"replies":[{"embeddable":true,"href":"https:\/\/www.omasgegenrechts-dresden.de\/index.php\/wp-json\/wp\/v2\/comments?post=861"}],"version-history":[{"count":9,"href":"https:\/\/www.omasgegenrechts-dresden.de\/index.php\/wp-json\/wp\/v2\/posts\/861\/revisions"}],"predecessor-version":[{"id":921,"href":"https:\/\/www.omasgegenrechts-dresden.de\/index.php\/wp-json\/wp\/v2\/posts\/861\/revisions\/921"}],"wp:attachment":[{"href":"https:\/\/www.omasgegenrechts-dresden.de\/index.php\/wp-json\/wp\/v2\/media?parent=861"}],"wp:term":[{"taxonomy":"category","embeddable":true,"href":"https:\/\/www.omasgegenrechts-dresden.de\/index.php\/wp-json\/wp\/v2\/categories?post=861"},{"taxonomy":"post_tag","embeddable":true,"href":"https:\/\/www.omasgegenrechts-dresden.de\/index.php\/wp-json\/wp\/v2\/tags?post=861"}],"curies":[{"name":"wp","href":"https:\/\/api.w.org\/{rel}","templated":true}]}}