{"id":876,"date":"2023-11-01T20:32:18","date_gmt":"2023-11-01T19:32:18","guid":{"rendered":"https:\/\/www.omasgegenrechts-dresden.de\/?p=876"},"modified":"2024-01-13T15:32:27","modified_gmt":"2024-01-13T14:32:27","slug":"gedenkweg-jahrestag-pogromnacht-1938","status":"publish","type":"post","link":"https:\/\/www.omasgegenrechts-dresden.de\/index.php\/2023\/11\/01\/gedenkweg-jahrestag-pogromnacht-1938\/","title":{"rendered":"Gedenkweg &#8211; Jahrestag &#8211;\u00a0 Pogromnacht 1938"},"content":{"rendered":"\n<p><strong>In diesem Jahr j\u00e4hrt sich zum 85. Mal die <a href=\"https:\/\/de.wikipedia.org\/wiki\/Novemberpogrome_1938\" target=\"_blank\" rel=\"noopener\" title=\"\">Pogromnacht<\/a> an J\u00fcdinnen und Juden in Deutschland am 9. November 1938.<\/strong><\/p>\n\n\n\n<p><strong>Im Gedenken daran veranstalten wir einen Gedenkweg mit Mahnwachen an Stolpersteinen und Gedenktafeln in der Innenstadt Dresdens:<\/strong><\/p>\n\n\n\n<!--more-->\n\n\n\n<figure class=\"wp-block-table is-style-stripes\"><table><tbody><tr><td class=\"has-text-align-left\" data-align=\"left\">11.00 Uhr                                                                   <\/td><td>Mahnwache an der Gedenktafel an der Kreuzkirche<\/td><\/tr><tr><td class=\"has-text-align-left\" data-align=\"left\">11.45 Uhr<\/td><td>Mahnwache Stolpersteine Seestra\u00dfe \/ An der Mauer (N\u00e4he C&amp;A)<\/td><\/tr><tr><td class=\"has-text-align-left\" data-align=\"left\">12.30 Uhr<\/td><td>Mahnwache Wallstra\u00dfe 9 (neben Einfahrt zur Tiefgarage Altmarktgalerie)<\/td><\/tr><tr><td class=\"has-text-align-left\" data-align=\"left\">12.45 Uhr<\/td><td>Mahnwache Wallstra\u00dfe 1 (direkt an der Zentralhaltestelle)<\/td><\/tr><tr><td class=\"has-text-align-left\" data-align=\"left\">13.15 Uhr<\/td><td>Mahnwache Sophienstra\u00dfe 16 (unter Eingang zum Zwinger am Glockenspielpavillon)<\/td><\/tr><tr><td class=\"has-text-align-left\" data-align=\"left\">14.00 Uhr<\/td><td>Mahnwache Sporergasse 12<\/td><\/tr><tr><td class=\"has-text-align-left\" data-align=\"left\">14.45 Uhr<\/td><td>Mahnwache am Gedenkzeichen Moritzgasse \/ Kleine Kirchgasse<\/td><\/tr><tr><td class=\"has-text-align-left\" data-align=\"left\">15.30 Uhr<\/td><td>Mahnwache Stolpersteine Hasenberg (Br\u00fchlscher Garten), gegen\u00fcber Synagoge<\/td><\/tr><tr><td class=\"has-text-align-left\" data-align=\"left\"><strong>16.00 Uhr<\/strong><\/td><td><strong>Teilnahme an der offiziellen Kranzniederlegung an der Stele gegen\u00fcber der Synagoge<\/strong><\/td><\/tr><tr><td class=\"has-text-align-left\" data-align=\"left\"><strong>16.45 Uhr<\/strong><\/td><td><strong><a href=\"https:\/\/www.facebook.com\/DieLinkeDresden\/posts\/pfbid09ZiVqrqpDEf8RHKZfEqhkNJrKsV7Ptzf3gsqgUb9LGhjJ2bbwp22zKJahXFZDLm3l\" target=\"_blank\" rel=\"noopener\" title=\"\">Gedenkgang <strong>der Linkspartei<\/strong><\/a><\/strong> <strong>mit Zwischenkundgebungen: \u201eDenkorte: Erinnerung und Mahnung\u201c zum Alten Leipziger Bahnhof (Blaue Fabrik)<\/strong> <br>(Treff Akademiestra\u00dfe in unmittelbarer N\u00e4he zur Stele)<\/td><\/tr><tr><td class=\"has-text-align-left\" data-align=\"left\"><strong>18.00 Uhr<\/strong><\/td><td><strong>Veranstaltung von <a href=\"https:\/\/hsh-dresden.de\/\" target=\"_blank\" rel=\"noopener\" title=\"\">Herz statt Hetze<\/a> <strong>am Alten Leipziger Bahnhof<\/strong><\/strong> <strong>zu diesem Gedenkort<\/strong><\/td><\/tr><tr><td class=\"has-text-align-left\" data-align=\"left\"><\/td><td><\/td><\/tr><\/tbody><\/table><\/figure>\n\n\n\n<p>Zwischen den Erinnerungsorten findet jeweils der Gedenkweg statt.<\/p>\n\n\n\n<p>Mit Mahnwachen an Stolpersteinen wollen die OMAS GEGEN RECHTS.DRESDEN einen Beitrag zur Erinnerungskultur und Mahnung in der Gegenwart leisten. Verbunden ist damit die Hoffnung, dass auch die Enkel- und Urenkel-Generationen der Holocaust-Opfer gedenken und in die Verantwortung eintreten. Ein Schlussstrich unter das dunkelste Kapitel der deutschen Geschichte darf niemals gezogen werden.<\/p>\n\n\n\n<blockquote class=\"wp-block-quote is-layout-flow wp-block-quote-is-layout-flow\">\n<p>Eine Volksz\u00e4hlung aus dem Jahre 1933 ergab, dass 4397 Menschen j\u00fcdischen Glaubens in Dresden lebten. Jedoch waren nach nationalsozialistischer Auffassung 7100 Mitb\u00fcrgerinnen und Mitb\u00fcrger von der Judenverfolgung betroffen. Die Ursache ist im sogenannten Ahnennachweis zu suchen, der \u00fcber vorangegangene Generationen und deren Religionszugeh\u00f6rigkeit Auskunft gab.<\/p>\n\n\n\n<p>Zwei Drittel der j\u00fcdischen Bev\u00f6lkerung konnten noch vor dem, von den Nationalsozialisten ausgesprochenen, Ausreiseverbot emigrieren. Von den Zur\u00fcckgebliebenen \u00fcberlebten 41 Frauen, M\u00e4nner und Kinder den Holocaust.<\/p>\n<cite>nach: Stiftung S\u00e4chsische Gedenkst\u00e4tten <a href=\"https:\/\/www.stsg.de\/cms\/namen-juedischer-ns-opfer-dresden\" target=\"_blank\" rel=\"noopener\" title=\"\">J\u00dcDISCHE NS-OPFER IN DRESDEN 1933\u20131945<\/a><\/cite><\/blockquote>\n\n\n\n<p><strong>Wer ein St\u00fcck des Weges mit uns gehen und an den Mahnwachen teilnehmen m\u00f6chte, ist herzlich eingeladen.<\/strong><\/p>\n","protected":false},"excerpt":{"rendered":"<p>In diesem Jahr j\u00e4hrt sich zum 85. Mal die Pogromnacht an J\u00fcdinnen und Juden in Deutschland am 9. November 1938. Im Gedenken daran veranstalten wir einen Gedenkweg mit Mahnwachen an Stolpersteinen und Gedenktafeln in der Innenstadt Dresdens:<\/p>\n","protected":false},"author":1,"featured_media":0,"comment_status":"closed","ping_status":"closed","sticky":false,"template":"","format":"standard","meta":{"om_disable_all_campaigns":false,"_monsterinsights_skip_tracking":false,"_monsterinsights_sitenote_active":false,"_monsterinsights_sitenote_note":"","_monsterinsights_sitenote_category":0,"footnotes":""},"categories":[10],"tags":[],"class_list":["post-876","post","type-post","status-publish","format-standard","hentry","category-aktivitaeten"],"aioseo_notices":[],"_links":{"self":[{"href":"https:\/\/www.omasgegenrechts-dresden.de\/index.php\/wp-json\/wp\/v2\/posts\/876","targetHints":{"allow":["GET"]}}],"collection":[{"href":"https:\/\/www.omasgegenrechts-dresden.de\/index.php\/wp-json\/wp\/v2\/posts"}],"about":[{"href":"https:\/\/www.omasgegenrechts-dresden.de\/index.php\/wp-json\/wp\/v2\/types\/post"}],"author":[{"embeddable":true,"href":"https:\/\/www.omasgegenrechts-dresden.de\/index.php\/wp-json\/wp\/v2\/users\/1"}],"replies":[{"embeddable":true,"href":"https:\/\/www.omasgegenrechts-dresden.de\/index.php\/wp-json\/wp\/v2\/comments?post=876"}],"version-history":[{"count":25,"href":"https:\/\/www.omasgegenrechts-dresden.de\/index.php\/wp-json\/wp\/v2\/posts\/876\/revisions"}],"predecessor-version":[{"id":1169,"href":"https:\/\/www.omasgegenrechts-dresden.de\/index.php\/wp-json\/wp\/v2\/posts\/876\/revisions\/1169"}],"wp:attachment":[{"href":"https:\/\/www.omasgegenrechts-dresden.de\/index.php\/wp-json\/wp\/v2\/media?parent=876"}],"wp:term":[{"taxonomy":"category","embeddable":true,"href":"https:\/\/www.omasgegenrechts-dresden.de\/index.php\/wp-json\/wp\/v2\/categories?post=876"},{"taxonomy":"post_tag","embeddable":true,"href":"https:\/\/www.omasgegenrechts-dresden.de\/index.php\/wp-json\/wp\/v2\/tags?post=876"}],"curies":[{"name":"wp","href":"https:\/\/api.w.org\/{rel}","templated":true}]}}