{"id":923,"date":"2023-11-11T17:07:31","date_gmt":"2023-11-11T16:07:31","guid":{"rendered":"https:\/\/www.omasgegenrechts-dresden.de\/?p=923"},"modified":"2024-01-18T20:25:27","modified_gmt":"2024-01-18T19:25:27","slug":"gedenkweg-anlaesslich-des-85-jahrestags-der-reichspogromnacht-1938","status":"publish","type":"post","link":"https:\/\/www.omasgegenrechts-dresden.de\/index.php\/2023\/11\/11\/gedenkweg-anlaesslich-des-85-jahrestags-der-reichspogromnacht-1938\/","title":{"rendered":"GEDENKWEG anl\u00e4sslich des 85. Jahrestags der REICHSPOGROMNACHT 1938"},"content":{"rendered":"\n<p>Mit Mahnwachen an Stolpersteinen und Denkzeichen wollen wir als Initiative OMAS GEGEN RECHTS.DRESDEN einen Beitrag zur Erinnerungskultur und Mahnung in der Gegenwart leisten. Ein Schlussstrich unter das dunkelste Kapitel der deutschen Geschichte darf niemals gezogen werden!<\/p>\n\n\n\n<!--more-->\n\n\n\n<p>Mit unserem Gedenken an die Opfer des Holocaust wenden wir uns gegen Antisemitismus in jeder Form! Im Herbst 2023, 85 Jahre nach der Reichspogromnacht, ist das nach dem barbarischen Angriff der Hamas auf Menschen in Israel n\u00f6tiger denn je! Nie wieder ist JETZT!<\/p>\n\n\n\n<p>Unser <a href=\"https:\/\/www.omasgegenrechts-dresden.de\/index.php\/2023\/11\/01\/gedenkweg-jahrestag-pogromnacht-1938\/\" target=\"_blank\" rel=\"noopener\" title=\"\">Gedenkweg<\/a> startete an der Kreuzkirche. Dort befindet sich eine <a href=\"https:\/\/de.wikipedia.org\/wiki\/Datei:Tafel-Kreuzkirche-DD.jpg\" target=\"_blank\" rel=\"noopener\" title=\"\">Tafel zum Gedenken an die Opfer des Holocaust in Dresden<\/a>.<\/p>\n\n\n\n<div class=\"wp-block-media-text has-media-on-the-right is-stacked-on-mobile is-vertically-aligned-center\" style=\"grid-template-columns:auto 51%\"><div class=\"wp-block-media-text__content\">\n<p>Gefreut haben wir uns, dass drei Studentinnen und ein Mann durch die Ver\u00f6ffentlichung auf der Internetseite der Stadt Dresden auf uns aufmerksam geworden sind. Sie begleiteten uns ein St\u00fcck auf unserem Weg zu Stolpersteinen und Denkzeichen.<\/p>\n<\/div><figure class=\"wp-block-media-text__media\"><img loading=\"lazy\" decoding=\"async\" width=\"1024\" height=\"637\" src=\"https:\/\/www.omasgegenrechts-dresden.de\/wp-content\/uploads\/2023\/11\/signal-2023-11-11-151902_003-Kopie-1024x637.jpeg\" alt=\"\" class=\"wp-image-937 size-full\" srcset=\"https:\/\/www.omasgegenrechts-dresden.de\/wp-content\/uploads\/2023\/11\/signal-2023-11-11-151902_003-Kopie-1024x637.jpeg 1024w, https:\/\/www.omasgegenrechts-dresden.de\/wp-content\/uploads\/2023\/11\/signal-2023-11-11-151902_003-Kopie-300x187.jpeg 300w, https:\/\/www.omasgegenrechts-dresden.de\/wp-content\/uploads\/2023\/11\/signal-2023-11-11-151902_003-Kopie-768x477.jpeg 768w, https:\/\/www.omasgegenrechts-dresden.de\/wp-content\/uploads\/2023\/11\/signal-2023-11-11-151902_003-Kopie-1536x955.jpeg 1536w, https:\/\/www.omasgegenrechts-dresden.de\/wp-content\/uploads\/2023\/11\/signal-2023-11-11-151902_003-Kopie.jpeg 1853w\" sizes=\"auto, (max-width: 1024px) 100vw, 1024px\" \/><\/figure><\/div>\n\n\n\n<p>Unser Weg f\u00fchrte uns von der Kreuzkirche zur Seestra\u00dfe, danach zur Wallstra\u00dfe und zum Glockenspielpavillon am Zwinger. An allen Stationen hielten wir eine halbe Stunde Mahnwache. Passant*innen stellten sich eine Weile zu uns. Wir f\u00fchrten Gespr\u00e4che zu den Ereignissen am 9. November 1938 sowie zur aktuellen Situation und verteilten ein kleines Informationsheft (<a href=\"https:\/\/www.omasgegenrechts-dresden.de\/wp-content\/uploads\/2023\/11\/2023-11-Info-Gedenkweg.pdf\" target=\"_blank\" rel=\"noopener\" title=\"\">Ansicht als PDF<\/a>). <\/p>\n\n\n\n<div class=\"wp-block-media-text is-stacked-on-mobile\" style=\"grid-template-columns:33% auto\"><figure class=\"wp-block-media-text__media\"><img loading=\"lazy\" decoding=\"async\" width=\"1024\" height=\"576\" src=\"https:\/\/www.omasgegenrechts-dresden.de\/wp-content\/uploads\/2023\/11\/signal-2023-11-11-151902_002-1024x576.jpeg\" alt=\"Mahnwachen an Stolpersteinen\" class=\"wp-image-929 size-full\" srcset=\"https:\/\/www.omasgegenrechts-dresden.de\/wp-content\/uploads\/2023\/11\/signal-2023-11-11-151902_002-1024x576.jpeg 1024w, https:\/\/www.omasgegenrechts-dresden.de\/wp-content\/uploads\/2023\/11\/signal-2023-11-11-151902_002-300x169.jpeg 300w, https:\/\/www.omasgegenrechts-dresden.de\/wp-content\/uploads\/2023\/11\/signal-2023-11-11-151902_002-768x432.jpeg 768w, https:\/\/www.omasgegenrechts-dresden.de\/wp-content\/uploads\/2023\/11\/signal-2023-11-11-151902_002-1536x864.jpeg 1536w, https:\/\/www.omasgegenrechts-dresden.de\/wp-content\/uploads\/2023\/11\/signal-2023-11-11-151902_002.jpeg 2048w\" sizes=\"auto, (max-width: 1024px) 100vw, 1024px\" \/><\/figure><div class=\"wp-block-media-text__content\">\n<p>Einige Stolpersteine wurden von uns geputzt. An jedem Ort legten wir wei\u00dfe Rosen nieder. <\/p>\n<\/div><\/div>\n\n\n\n<div class=\"wp-block-media-text has-media-on-the-right is-stacked-on-mobile\" style=\"grid-template-columns:auto 45%\"><div class=\"wp-block-media-text__content\">\n<p>Am Nachmittag beschlossen wir unseren Weg, der uns noch zum ehemaligen sogenannten Judenhaus in der Sporergasse 12 (vormals Sporergasse 2) und zum <strong>Denkzeichen in der Moritzstra\u00dfe 1b<\/strong> gef\u00fchrt hatte, an den Stolpersteinen am Br\u00fchlschen Garten gegen\u00fcber der Synagoge.<\/p>\n<\/div><figure class=\"wp-block-media-text__media\"><img loading=\"lazy\" decoding=\"async\" width=\"1024\" height=\"768\" src=\"https:\/\/www.omasgegenrechts-dresden.de\/wp-content\/uploads\/2023\/11\/signal-2023-11-11-123141_005-1024x768.jpeg\" alt=\"\" class=\"wp-image-930 size-full\" srcset=\"https:\/\/www.omasgegenrechts-dresden.de\/wp-content\/uploads\/2023\/11\/signal-2023-11-11-123141_005-1024x768.jpeg 1024w, https:\/\/www.omasgegenrechts-dresden.de\/wp-content\/uploads\/2023\/11\/signal-2023-11-11-123141_005-300x225.jpeg 300w, https:\/\/www.omasgegenrechts-dresden.de\/wp-content\/uploads\/2023\/11\/signal-2023-11-11-123141_005-768x576.jpeg 768w, https:\/\/www.omasgegenrechts-dresden.de\/wp-content\/uploads\/2023\/11\/signal-2023-11-11-123141_005-1536x1152.jpeg 1536w, https:\/\/www.omasgegenrechts-dresden.de\/wp-content\/uploads\/2023\/11\/signal-2023-11-11-123141_005.jpeg 2048w\" sizes=\"auto, (max-width: 1024px) 100vw, 1024px\" \/><\/figure><\/div>\n\n\n\n<p>Dort nahmen wir an der offiziellen <a href=\"https:\/\/www.dresden.de\/de\/rathaus\/aktuelles\/pressemitteilungen\/2023\/11\/pm_015.php\" target=\"_blank\" rel=\"noopener\" title=\"\">Gedenkfeier der Stadt Dresden<\/a> teil.<\/p>\n\n\n\n<p>Der Tag klang mit dem informativen <a href=\"https:\/\/www.dielinke-dresden.de\/2023\/11\/gedenkrundgang-denkorte-erinnerung-und-mahnung\/\" target=\"_blank\" rel=\"noopener\" title=\"\">Gedenkgang \u201eDenkorte: Erinnerung und Mahnung\u201c<\/a> der Partei \u201eDIE LINKE\u201c und einer interessanten Information zu den Vorhaben am Alten Leipziger Bahnhof aus. Dort wird ein <a href=\"https:\/\/www.mdr.de\/religion\/juedisches-leben\/dokumentationszentrum-juedisches-erbe-dresden-100.html\" target=\"_blank\" rel=\"noopener\" title=\"\">Erinnerungs-, Dokumentations-, Bildungs- und Begegnungsort zu j\u00fcdischem Leben in Vergangenheit und Gegenwart<\/a> entstehen.<\/p>\n\n\n\n<p class=\"has-text-align-right\">Astrid<\/p>\n","protected":false},"excerpt":{"rendered":"<p>Mit Mahnwachen an Stolpersteinen und Denkzeichen wollen wir als Initiative OMAS GEGEN RECHTS.DRESDEN einen Beitrag zur Erinnerungskultur und Mahnung in der Gegenwart leisten. Ein Schlussstrich unter das dunkelste Kapitel der deutschen Geschichte darf niemals gezogen werden!<\/p>\n","protected":false},"author":1,"featured_media":935,"comment_status":"closed","ping_status":"closed","sticky":false,"template":"","format":"standard","meta":{"om_disable_all_campaigns":false,"_monsterinsights_skip_tracking":false,"_monsterinsights_sitenote_active":false,"_monsterinsights_sitenote_note":"","_monsterinsights_sitenote_category":0,"footnotes":""},"categories":[10],"tags":[],"class_list":["post-923","post","type-post","status-publish","format-standard","has-post-thumbnail","hentry","category-aktivitaeten"],"aioseo_notices":[],"_links":{"self":[{"href":"https:\/\/www.omasgegenrechts-dresden.de\/index.php\/wp-json\/wp\/v2\/posts\/923","targetHints":{"allow":["GET"]}}],"collection":[{"href":"https:\/\/www.omasgegenrechts-dresden.de\/index.php\/wp-json\/wp\/v2\/posts"}],"about":[{"href":"https:\/\/www.omasgegenrechts-dresden.de\/index.php\/wp-json\/wp\/v2\/types\/post"}],"author":[{"embeddable":true,"href":"https:\/\/www.omasgegenrechts-dresden.de\/index.php\/wp-json\/wp\/v2\/users\/1"}],"replies":[{"embeddable":true,"href":"https:\/\/www.omasgegenrechts-dresden.de\/index.php\/wp-json\/wp\/v2\/comments?post=923"}],"version-history":[{"count":10,"href":"https:\/\/www.omasgegenrechts-dresden.de\/index.php\/wp-json\/wp\/v2\/posts\/923\/revisions"}],"predecessor-version":[{"id":942,"href":"https:\/\/www.omasgegenrechts-dresden.de\/index.php\/wp-json\/wp\/v2\/posts\/923\/revisions\/942"}],"wp:featuredmedia":[{"embeddable":true,"href":"https:\/\/www.omasgegenrechts-dresden.de\/index.php\/wp-json\/wp\/v2\/media\/935"}],"wp:attachment":[{"href":"https:\/\/www.omasgegenrechts-dresden.de\/index.php\/wp-json\/wp\/v2\/media?parent=923"}],"wp:term":[{"taxonomy":"category","embeddable":true,"href":"https:\/\/www.omasgegenrechts-dresden.de\/index.php\/wp-json\/wp\/v2\/categories?post=923"},{"taxonomy":"post_tag","embeddable":true,"href":"https:\/\/www.omasgegenrechts-dresden.de\/index.php\/wp-json\/wp\/v2\/tags?post=923"}],"curies":[{"name":"wp","href":"https:\/\/api.w.org\/{rel}","templated":true}]}}