{"id":956,"date":"2022-01-21T22:21:00","date_gmt":"2022-01-21T21:21:00","guid":{"rendered":"https:\/\/www.omasgegenrechts-dresden.de\/?p=956"},"modified":"2023-12-04T22:29:54","modified_gmt":"2023-12-04T21:29:54","slug":"gedenken-an-opfer-der-judendeportationen","status":"publish","type":"post","link":"https:\/\/www.omasgegenrechts-dresden.de\/index.php\/2022\/01\/21\/gedenken-an-opfer-der-judendeportationen\/","title":{"rendered":"Gedenken an Opfer der Judendeportationen"},"content":{"rendered":"\n<p><strong>Gedenkveranstaltung anl\u00e4sslich der ersten Deportationen von J\u00fcdinnen* und Juden* aus Dresden vor 80 Jahren am Alten Leipziger Bahnhof<\/strong><\/p>\n\n\n\n<div class=\"wp-block-media-text is-stacked-on-mobile\"><figure class=\"wp-block-media-text__media\"><img loading=\"lazy\" decoding=\"async\" width=\"488\" height=\"326\" src=\"https:\/\/www.omasgegenrechts-dresden.de\/wp-content\/uploads\/2022\/01\/Gedenkveranstaltung-1.jpg\" alt=\"\" class=\"wp-image-238 size-full\" srcset=\"https:\/\/www.omasgegenrechts-dresden.de\/wp-content\/uploads\/2022\/01\/Gedenkveranstaltung-1.jpg 488w, https:\/\/www.omasgegenrechts-dresden.de\/wp-content\/uploads\/2022\/01\/Gedenkveranstaltung-1-300x200.jpg 300w, https:\/\/www.omasgegenrechts-dresden.de\/wp-content\/uploads\/2022\/01\/Gedenkveranstaltung-1-120x80.jpg 120w\" sizes=\"auto, (max-width: 488px) 100vw, 488px\" \/><\/figure><div class=\"wp-block-media-text__content\">\n<p>Es war feucht-kalt. Trotzdem waren wir unter mindestens 300 Teilnehmerinnen und Teilnehmern sechs Frauen von den OMAS GEGEN RECHTS.DRESDEN<\/p>\n<\/div><\/div>\n\n\n\n<div class=\"wp-block-media-text has-media-on-the-right is-stacked-on-mobile\"><div class=\"wp-block-media-text__content\">\n<p>Zeitzeugenberichte wurden verlesen. Eine Lichtinstallation lie\u00df die Worte\u00a0 \u201eWANN\u201c, \u201eWIEVIELE\u201c , \u201eWOHIN\u201c erkennen und ein Audiotrack &#8220;Deportation und Vernichtung &#8211; Ereignis ohne Zeugnis?&#8221; aus dem Dresdner Audiostadtrundgang &#8220;audioscript&#8221; wurde vorgetragen.<br>Paul Hoorn und Freunde spielten j\u00fcdische Musik.<\/p>\n<\/div><figure class=\"wp-block-media-text__media\"><img loading=\"lazy\" decoding=\"async\" width=\"644\" height=\"430\" src=\"https:\/\/www.omasgegenrechts-dresden.de\/wp-content\/uploads\/2022\/01\/Gedenkveranstaltung2.jpg\" alt=\"\" class=\"wp-image-240 size-full\" srcset=\"https:\/\/www.omasgegenrechts-dresden.de\/wp-content\/uploads\/2022\/01\/Gedenkveranstaltung2.jpg 644w, https:\/\/www.omasgegenrechts-dresden.de\/wp-content\/uploads\/2022\/01\/Gedenkveranstaltung2-300x200.jpg 300w, https:\/\/www.omasgegenrechts-dresden.de\/wp-content\/uploads\/2022\/01\/Gedenkveranstaltung2-120x80.jpg 120w\" sizes=\"auto, (max-width: 644px) 100vw, 644px\" \/><\/figure><\/div>\n\n\n\n<p>In dieser Atmosph\u00e4re von K\u00e4lte, die uns zittern und frieren lie\u00df, Musik, die unter die Haut ging, Texten, die unter die Haut gingen, ein Rabbi sprach das aram\u00e4ische Kaddisch und alles angesichts des alten ruin\u00f6sen Leipziger Bahnhofs im kalten Dunst des Januarabends, waren wir sehr ber\u00fchrt.<\/p>\n\n\n\n<p class=\"has-text-align-right\">Sigrid<\/p>\n\n\n\n<hr class=\"wp-block-separator has-alpha-channel-opacity\"\/>\n\n\n\n<div class=\"wp-block-media-text is-stacked-on-mobile\"><figure class=\"wp-block-media-text__media\"><img loading=\"lazy\" decoding=\"async\" width=\"417\" height=\"313\" src=\"https:\/\/www.omasgegenrechts-dresden.de\/wp-content\/uploads\/2022\/01\/leipzig1.jpg\" alt=\"\" class=\"wp-image-241 size-full\" srcset=\"https:\/\/www.omasgegenrechts-dresden.de\/wp-content\/uploads\/2022\/01\/leipzig1.jpg 417w, https:\/\/www.omasgegenrechts-dresden.de\/wp-content\/uploads\/2022\/01\/leipzig1-300x225.jpg 300w\" sizes=\"auto, (max-width: 417px) 100vw, 417px\" \/><\/figure><div class=\"wp-block-media-text__content\">\n<p>Ich war heute am sp\u00e4teren Nachmittag nochmal am Leipziger Bahnhof, (ist nicht weit von meiner Wohnung) und habe Kerzen angez\u00fcndet. <\/p>\n<\/div><\/div>\n\n\n\n<p>Ungef\u00e4hr 6-7 Personen (alle jung) waren da, ca 50 Kerzen brannten, in dem Absprerrzaun zum Bahnhofsgeb\u00e4ude waren Rosen gesteckt. Die Lautsprecher \u00fcbertrugen ersch\u00fctternde und traurige Berichte von Zeitzeugen. (Man sch\u00e4mt sich, wenn man denkt, dass es einem schon wieder zu kalt wird&#8230;)<\/p>\n\n\n\n<p class=\"has-text-align-right\">Monika<\/p>\n","protected":false},"excerpt":{"rendered":"<p>Gedenkveranstaltung anl\u00e4sslich der ersten Deportationen von J\u00fcdinnen* und Juden* aus Dresden vor 80 Jahren am Alten Leipziger Bahnhof Es war feucht-kalt. Trotzdem waren wir unter mindestens 300 Teilnehmerinnen und Teilnehmern sechs Frauen von den OMAS GEGEN RECHTS.DRESDEN Zeitzeugenberichte wurden verlesen. Eine Lichtinstallation lie\u00df die Worte\u00a0 \u201eWANN\u201c, \u201eWIEVIELE\u201c , \u201eWOHIN\u201c erkennen und ein Audiotrack &#8220;Deportation und Vernichtung &#8211; Ereignis ohne Zeugnis?&#8221;<\/p>\n","protected":false},"author":1,"featured_media":0,"comment_status":"closed","ping_status":"closed","sticky":false,"template":"","format":"standard","meta":{"om_disable_all_campaigns":false,"_monsterinsights_skip_tracking":false,"_monsterinsights_sitenote_active":false,"_monsterinsights_sitenote_note":"","_monsterinsights_sitenote_category":0,"footnotes":""},"categories":[10],"tags":[],"class_list":["post-956","post","type-post","status-publish","format-standard","hentry","category-aktivitaeten"],"aioseo_notices":[],"_links":{"self":[{"href":"https:\/\/www.omasgegenrechts-dresden.de\/index.php\/wp-json\/wp\/v2\/posts\/956","targetHints":{"allow":["GET"]}}],"collection":[{"href":"https:\/\/www.omasgegenrechts-dresden.de\/index.php\/wp-json\/wp\/v2\/posts"}],"about":[{"href":"https:\/\/www.omasgegenrechts-dresden.de\/index.php\/wp-json\/wp\/v2\/types\/post"}],"author":[{"embeddable":true,"href":"https:\/\/www.omasgegenrechts-dresden.de\/index.php\/wp-json\/wp\/v2\/users\/1"}],"replies":[{"embeddable":true,"href":"https:\/\/www.omasgegenrechts-dresden.de\/index.php\/wp-json\/wp\/v2\/comments?post=956"}],"version-history":[{"count":2,"href":"https:\/\/www.omasgegenrechts-dresden.de\/index.php\/wp-json\/wp\/v2\/posts\/956\/revisions"}],"predecessor-version":[{"id":959,"href":"https:\/\/www.omasgegenrechts-dresden.de\/index.php\/wp-json\/wp\/v2\/posts\/956\/revisions\/959"}],"wp:attachment":[{"href":"https:\/\/www.omasgegenrechts-dresden.de\/index.php\/wp-json\/wp\/v2\/media?parent=956"}],"wp:term":[{"taxonomy":"category","embeddable":true,"href":"https:\/\/www.omasgegenrechts-dresden.de\/index.php\/wp-json\/wp\/v2\/categories?post=956"},{"taxonomy":"post_tag","embeddable":true,"href":"https:\/\/www.omasgegenrechts-dresden.de\/index.php\/wp-json\/wp\/v2\/tags?post=956"}],"curies":[{"name":"wp","href":"https:\/\/api.w.org\/{rel}","templated":true}]}}